{"id":27061,"date":"2025-11-13T18:26:14","date_gmt":"2025-11-14T00:26:14","guid":{"rendered":"https:\/\/zonalimitrofe-cbnr.com\/?p=27061"},"modified":"2025-11-13T18:26:14","modified_gmt":"2025-11-14T00:26:14","slug":"congresocoahuila-registro-oportuno-de-ninas-y-ninos-ante-el-registro-nacional-de-poblacion-solicita-claudia-aldrete","status":"publish","type":"post","link":"https:\/\/zonalimitrofe-cbnr.com\/index.php\/2025\/11\/13\/congresocoahuila-registro-oportuno-de-ninas-y-ninos-ante-el-registro-nacional-de-poblacion-solicita-claudia-aldrete\/","title":{"rendered":"#CongresoCoahuila. Registro oportuno de ni\u00f1as y ni\u00f1os ante el Registro Nacional de Poblaci\u00f3n, solicita Claudia Aldrete"},"content":{"rendered":"\n<p><strong>Saltillo, Coahuila, a 12 de noviembre de 2025.- <\/strong>En sesi\u00f3n del Congreso del Estado se aprob\u00f3 un punto de acuerdo presentado por la diputada Cl<a>audia Elizabeth Aldrete Garc\u00eda, mediante el cual solicita a<\/a>l Registro Nacional de Poblaci\u00f3n (RENAPO), que en coordinaci\u00f3n con las autoridades de los estados en materia de registro civil y de protecci\u00f3n de los derechos de las ni\u00f1as, ni\u00f1os y adolescentes, se refuercen los mecanismos para garantizar que todas las ni\u00f1as y ni\u00f1os sean registrados conforme a la ley, protegiendo su derecho a la identidad. Carecer de registro o acta de nacimiento puede convertirse en un factor de exclusi\u00f3n; adem\u00e1s, cuando los ni\u00f1os y las ni\u00f1as no cuentan con un registro desde el nacimiento, tambi\u00e9n son expuestos con mayor facilidad a ser v\u00edctimas de trata de personas, \u00a0matrimonios forzados, adopciones ilegales, reclutamiento forzado, entre otros De acuerdo con el art\u00edculo 4\u00b0 de la Constituci\u00f3n, toda persona tiene derecho a una identidad y a ser registrado de manera inmediata a su nacimiento; tambi\u00e9n el art\u00edculo 8.1 de la Convenci\u00f3n sobre los Derechos del Ni\u00f1o, dice que los Estados deben respetar el derecho de la ni\u00f1ez a preservar su identidad. No obstante, de acuerdo con el \u00faltimo censo de Poblaci\u00f3n y Vivienda del Instituto Nacional de Estad\u00edstica y Geograf\u00eda (INEGI), mismo que se realiz\u00f3 en 2020, en M\u00e9xico hay poco m\u00e1s de 451 mil personas sin un acta de nacimiento. Por citar un ejemplo, hace d\u00edas se dio a conocer que, en Piedras Negras, la Procuradur\u00eda de los Ni\u00f1os, Ni\u00f1as y la Familia (Pronnif) atiende cada mes entre cuatro y cinco casos de menores que no cuentan con acta de nacimiento, de acuerdo a lo que inform\u00f3 la subdelegada Edith Hern\u00e1ndez P\u00e9rez, se\u00f1alando adem\u00e1s que gracias a las brigadas impulsadas por el gobernador Manolo Jim\u00e9nez, el tr\u00e1mite de registro de nacimiento puede realizarse de manera gratuita, permitiendo que m\u00e1s familias regularicen la situaci\u00f3n de sus hijos. \u201cContar con acta de nacimiento es un derecho fundamental de todas las ni\u00f1as, ni\u00f1os y adolescentes; esto les confiere el derecho a la identidad, y con ello el acceso a otros m\u00faltiples derechos\u2026 y ser considerados de manera formal como parte de una comunidad, un pueblo, etnia, entre otros\u201d destac\u00f3 la diputada.<\/p>\n","protected":false},"excerpt":{"rendered":"<p>Saltillo, Coahuila, a 12 de noviembre de 2025.- En sesi\u00f3n del Congreso del Estado se aprob\u00f3 un punto de acuerdo presentado por la diputada Claudia Elizabeth Aldrete Garc\u00eda, mediante el cual solicita al Registro Nacional de Poblaci\u00f3n (RENAPO), que en coordinaci\u00f3n con las autoridades de los estados en materia de registro civil y de protecci\u00f3n [&hellip;]<\/p>\n","protected":false},"author":1,"featured_media":27062,"comment_status":"open","ping_status":"open","sticky":false,"template":"","format":"standard","meta":{"_monsterinsights_skip_tracking":false,"_monsterinsights_sitenote_active":false,"_monsterinsights_sitenote_note":"","_monsterinsights_sitenote_category":0,"footnotes":""},"categories":[1],"tags":[],"_links":{"self":[{"href":"https:\/\/zonalimitrofe-cbnr.com\/index.php\/wp-json\/wp\/v2\/posts\/27061"}],"collection":[{"href":"https:\/\/zonalimitrofe-cbnr.com\/index.php\/wp-json\/wp\/v2\/posts"}],"about":[{"href":"https:\/\/zonalimitrofe-cbnr.com\/index.php\/wp-json\/wp\/v2\/types\/post"}],"author":[{"embeddable":true,"href":"https:\/\/zonalimitrofe-cbnr.com\/index.php\/wp-json\/wp\/v2\/users\/1"}],"replies":[{"embeddable":true,"href":"https:\/\/zonalimitrofe-cbnr.com\/index.php\/wp-json\/wp\/v2\/comments?post=27061"}],"version-history":[{"count":1,"href":"https:\/\/zonalimitrofe-cbnr.com\/index.php\/wp-json\/wp\/v2\/posts\/27061\/revisions"}],"predecessor-version":[{"id":27063,"href":"https:\/\/zonalimitrofe-cbnr.com\/index.php\/wp-json\/wp\/v2\/posts\/27061\/revisions\/27063"}],"wp:featuredmedia":[{"embeddable":true,"href":"https:\/\/zonalimitrofe-cbnr.com\/index.php\/wp-json\/wp\/v2\/media\/27062"}],"wp:attachment":[{"href":"https:\/\/zonalimitrofe-cbnr.com\/index.php\/wp-json\/wp\/v2\/media?parent=27061"}],"wp:term":[{"taxonomy":"category","embeddable":true,"href":"https:\/\/zonalimitrofe-cbnr.com\/index.php\/wp-json\/wp\/v2\/categories?post=27061"},{"taxonomy":"post_tag","embeddable":true,"href":"https:\/\/zonalimitrofe-cbnr.com\/index.php\/wp-json\/wp\/v2\/tags?post=27061"}],"curies":[{"name":"wp","href":"https:\/\/api.w.org\/{rel}","templated":true}]}}