{"id":27019,"date":"2025-11-10T23:03:10","date_gmt":"2025-11-11T05:03:10","guid":{"rendered":"https:\/\/zonalimitrofe-cbnr.com\/?p=27019"},"modified":"2025-11-10T23:03:10","modified_gmt":"2025-11-11T05:03:10","slug":"coahuila-en-equipo-trabajamos-por-la-inclusion-y-las-personas-con-discapacidad","status":"publish","type":"post","link":"https:\/\/zonalimitrofe-cbnr.com\/index.php\/2025\/11\/10\/coahuila-en-equipo-trabajamos-por-la-inclusion-y-las-personas-con-discapacidad\/","title":{"rendered":"#Coahuila. EN EQUIPO TRABAJAMOS POR LA INCLUSI\u00d3N Y LAS PERSONAS CON DISCAPACIDAD"},"content":{"rendered":"\n<p>\u00b7&nbsp;&nbsp;&nbsp;&nbsp;&nbsp;&nbsp;<em>Entrega gobernador el premio estatal &#8220;Yo por la inclusi\u00f3n&#8221;<\/em><\/p>\n\n\n\n<p>Saltillo, Coahuila de Zaragoza; a 10 de noviembre de 2025.- Al entregar el premio estatal Yo por la inclusi\u00f3n, el gobernador Manolo Jim\u00e9nez Salinas reiter\u00f3 su compromiso por trabajar d\u00eda con d\u00eda para reconocer, visibilizar y fortalecer las acciones, proyectos, y buenas pr\u00e1cticas que promueven la igualdad, la no discriminaci\u00f3n y la inclusi\u00f3n.<\/p>\n\n\n\n<p>&#8220;Hoy reconocimos a quienes construyen un Coahuila m\u00e1s justo, solidario e incluyente para todas y todos. Junto con los equipos del DIF&nbsp;&nbsp;Coahuila y la Secretar\u00eda de Inclusi\u00f3n y Desarrollo Social, entregamos el Premio Estatal \u201cYo por la Inclusi\u00f3n\u201d y celebramos a las personas, organizaciones e instituciones que promueven los derechos humanos, la igualdad y la no discriminaci\u00f3n en nuestro estado. \u00a1En Coahuila construimos la inclusi\u00f3n todos los d\u00edas!&#8221;, destac\u00f3 el gobernador.<\/p>\n\n\n\n<p>Liliana Salinas Vald\u00e9s, presidenta honoraria del DIF Coahuila, explic\u00f3 que desde esta instituci\u00f3n se est\u00e1 impulsando un gran programa de sensibilizaci\u00f3n, y que a la fecha se han dado 323 pl\u00e1ticas sobre el tema, y que se han desarrollado 155 eventos deportivos, culturales, recreativos, y todos pensados en que exista sensibilizaci\u00f3n y participaci\u00f3n inclusiva.<\/p>\n\n\n\n<p>Coment\u00f3 que gracias al apoyo del gobernador se&nbsp;&nbsp;aplican recursos en los CREE, en los CRI, las unidades b\u00e1sicas de rehabilitaci\u00f3n y los programas de los DIF municipales.<\/p>\n\n\n\n<p>Agreg\u00f3 que adem\u00e1s se tienen las unidades Unedif, las cuales ya se est\u00e1 en pl\u00e1ticas para fortalecerlas; y las cirug\u00edas coclerares y de conducci\u00f3n \u00f3sea.&nbsp;<\/p>\n\n\n\n<p>\u201cAdem\u00e1s tenemos la Tarjeta de la Salud Popular, para aquellas personas con discapacidad o con alguna condici\u00f3n\u201d, mencion\u00f3.<\/p>\n\n\n\n<p>Manolo Jim\u00e9nez felicit\u00f3 a todos los ganadores y participantes por ese gran esfuerzo que hacen; destac\u00f3 que todas sus historias son de personas que han decidido hacer algo grande por los dem\u00e1s, y que es de gran reconocimiento el que le dediquen tiempo a proyectos de inclusi\u00f3n y a proyectos comunitarios.<\/p>\n\n\n\n<p>Reitero el respaldo del Gobierno del Estado para que estos proyectos ganadores se puedan potencializar y beneficiar con ello a m\u00e1s coahuilenses.<\/p>\n\n\n\n<p>Jim\u00e9nez Salinas mencion\u00f3 que, como gobierno, se tienen muchos programas y proyectos que tienen qu\u00e9 ver con la inclusi\u00f3n, con la visibilizaci\u00f3n y con mejorar la calidad de vida de las familias de todas las regiones, y que se desarrollan a trav\u00e9s de todas las secretar\u00edas del estado, del DIF, de Inspira, as\u00ed como en coordinaci\u00f3n con los DIF municipales.<\/p>\n\n\n\n<p>Destac\u00f3 que se destinan cientos de millones de pesos en todos estos programas, obras y acciones a favor de la inclusi\u00f3n y de las personas con discapacidad.<\/p>\n\n\n\n<p>Enrique Mart\u00ednez y Morales, secretario de Inclusi\u00f3n y Desarrollo Social, en su mensaje expres\u00f3 que en Coahuila se tiene un gobernador que le apuesta a la inclusi\u00f3n; adem\u00e1s que contamos con una sociedad participativa y solidaria, y que tenemos un liderazgo que entiende que el verdadero desarrollo no se mide solo en cifras, sino en las oportunidades que se generan, en las vidas que se tocan y en la empat\u00eda que se siembra.<\/p>\n\n\n\n<p>Record\u00f3 que en Coahuila se impulsan acciones concretas que atienden a las personas con discapacidad, que promueven la no discriminaci\u00f3n y defienden los derechos humanos. Ejemplo de ello -abund\u00f3- son los programas y las becas del DIF Coahuila, las ferias de empleo que se realizan constantemente y que han permitido la contrataci\u00f3n inclusiva de miles de personas; los est\u00edmulos fiscales para las empresas que den trabajo a personas con discapacidad o adultos mayores, que ya han beneficiado decenas de miles de coahuilenses.<\/p>\n\n\n\n<p>Agreg\u00f3 que este premio no solo entrega un est\u00edmulo econ\u00f3mico, sino que entrega algo mucho m\u00e1s valioso, visibilidad, reconocimiento y gratitud, \u201cPorque la inclusi\u00f3n no es una moda ni una consigna, es una forma de ver y entender la vida.&nbsp;<\/p>\n\n\n\n<p>\u201cGracias a esa visi\u00f3n, su visi\u00f3n, Gobernador, hoy Coahuila avanza con paso firme hacia una cultura de respeto, equidad y bienestar compartido\u201d, se\u00f1al\u00f3.&nbsp;<\/p>\n","protected":false},"excerpt":{"rendered":"<p>\u00b7&nbsp;&nbsp;&nbsp;&nbsp;&nbsp;&nbsp;Entrega gobernador el premio estatal &#8220;Yo por la inclusi\u00f3n&#8221; Saltillo, Coahuila de Zaragoza; a 10 de noviembre de 2025.- Al entregar el premio estatal Yo por la inclusi\u00f3n, el gobernador Manolo Jim\u00e9nez Salinas reiter\u00f3 su compromiso por trabajar d\u00eda con d\u00eda para reconocer, visibilizar y fortalecer las acciones, proyectos, y buenas pr\u00e1cticas que promueven la [&hellip;]<\/p>\n","protected":false},"author":1,"featured_media":27020,"comment_status":"open","ping_status":"open","sticky":false,"template":"","format":"standard","meta":{"_monsterinsights_skip_tracking":false,"_monsterinsights_sitenote_active":false,"_monsterinsights_sitenote_note":"","_monsterinsights_sitenote_category":0,"footnotes":""},"categories":[1],"tags":[],"_links":{"self":[{"href":"https:\/\/zonalimitrofe-cbnr.com\/index.php\/wp-json\/wp\/v2\/posts\/27019"}],"collection":[{"href":"https:\/\/zonalimitrofe-cbnr.com\/index.php\/wp-json\/wp\/v2\/posts"}],"about":[{"href":"https:\/\/zonalimitrofe-cbnr.com\/index.php\/wp-json\/wp\/v2\/types\/post"}],"author":[{"embeddable":true,"href":"https:\/\/zonalimitrofe-cbnr.com\/index.php\/wp-json\/wp\/v2\/users\/1"}],"replies":[{"embeddable":true,"href":"https:\/\/zonalimitrofe-cbnr.com\/index.php\/wp-json\/wp\/v2\/comments?post=27019"}],"version-history":[{"count":1,"href":"https:\/\/zonalimitrofe-cbnr.com\/index.php\/wp-json\/wp\/v2\/posts\/27019\/revisions"}],"predecessor-version":[{"id":27021,"href":"https:\/\/zonalimitrofe-cbnr.com\/index.php\/wp-json\/wp\/v2\/posts\/27019\/revisions\/27021"}],"wp:featuredmedia":[{"embeddable":true,"href":"https:\/\/zonalimitrofe-cbnr.com\/index.php\/wp-json\/wp\/v2\/media\/27020"}],"wp:attachment":[{"href":"https:\/\/zonalimitrofe-cbnr.com\/index.php\/wp-json\/wp\/v2\/media?parent=27019"}],"wp:term":[{"taxonomy":"category","embeddable":true,"href":"https:\/\/zonalimitrofe-cbnr.com\/index.php\/wp-json\/wp\/v2\/categories?post=27019"},{"taxonomy":"post_tag","embeddable":true,"href":"https:\/\/zonalimitrofe-cbnr.com\/index.php\/wp-json\/wp\/v2\/tags?post=27019"}],"curies":[{"name":"wp","href":"https:\/\/api.w.org\/{rel}","templated":true}]}}