{"id":26961,"date":"2025-11-07T17:47:27","date_gmt":"2025-11-07T23:47:27","guid":{"rendered":"https:\/\/zonalimitrofe-cbnr.com\/?p=26961"},"modified":"2025-11-07T17:47:28","modified_gmt":"2025-11-07T23:47:28","slug":"torreon-dif-torreon-invita-al-recital-de-opera-con-nadine-sierra","status":"publish","type":"post","link":"https:\/\/zonalimitrofe-cbnr.com\/index.php\/2025\/11\/07\/torreon-dif-torreon-invita-al-recital-de-opera-con-nadine-sierra\/","title":{"rendered":"#Torre\u00f3n. DIF Torre\u00f3n invita al recital de \u00d3pera con Nadine Sierra"},"content":{"rendered":"\n<p>Torre\u00f3n, Coahuila. 07 de noviembre de 2025<\/p>\n\n\n\n<p>En el marco del Festival del Mitote Lagunero, el Sistema para el Desarrollo Integral de la Familia (DIF) Torre\u00f3n, invita al Recital de \u00d3pera con Nadine Sierra que se llevar\u00e1 a cabo el mi\u00e9rcoles 12 de noviembre, a las 20:00 horas en el Teatro Isauro Mart\u00ednez.<\/p>\n\n\n\n<p>La se\u00f1ora Selina Bremer de Cepeda, presidenta honoraria de DIF Torre\u00f3n, extendi\u00f3 la invitaci\u00f3n a la poblaci\u00f3n para disfrutar de una noche excepcional, con una de las sopranos m\u00e1s reconocidas a nivel internacional.<\/p>\n\n\n\n<p>\u201cEs un honor para Torre\u00f3n recibir a una artista del nivel de Nadine Sierra. Por ello, invitamos a las familias laguneras a acompa\u00f1arnos en este concierto \u00fanico, que adem\u00e1s de ofrecer una experiencia cultural de primer nivel tiene un fin noble: apoyar los programas sociales de DIF\u201d.<\/p>\n\n\n\n<p>Por su parte, la directora general del DIF Torre\u00f3n, Marlene Mart\u00ednez Vald\u00e9s, destac\u00f3 que lo recaudado en este recital ser\u00e1 destinado a los programas asistenciales del organismo, los cuales, siguiendo el eje Unidad y Desarrollo Humano de la Administraci\u00f3n del alcalde Rom\u00e1n Alberto Cepeda Gonz\u00e1lez, se enfocan en procurar la atenci\u00f3n integral a los grupos m\u00e1s vulnerables de la sociedad.<\/p>\n\n\n\n<p>\u201cCada boleto representa una oportunidad para seguir fortaleciendo nuestros programas de atenci\u00f3n, salud, alimentaci\u00f3n y desarrollo humano. Agradecemos el apoyo de la ciudadan\u00eda, que con su asistencia contribuye a que m\u00e1s familias torreonenses tengan una mejor calidad de vida\u201d.<\/p>\n\n\n\n<p>El recital contar\u00e1 con la participaci\u00f3n de Nadine Sierra, acompa\u00f1ada al piano por \u00c1ngel Rodr\u00edguez.<\/p>\n\n\n\n<p>Los boletos est\u00e1n disponibles en Ciudad DIF Torre\u00f3n ubicado en calzada de los Continentes n\u00famero 500, colonia Las Etnias. Los costos son: Galer\u00eda 500 pesos; Mezzanine, 800 pesos y Planta Baja mil 500 pesos.<\/p>\n\n\n\n<p>Para informes y pago por transferencia, las personas interesadas pueden llamar al tel\u00e9fono 871 888 07 75.<\/p>\n\n\n\n<p>Finalmente, Mart\u00ednez Vald\u00e9s dijo que este evento representa una oportunidad para disfrutar del talento de una de las voces m\u00e1s destacadas del mundo de la \u00f3pera, al mismo tiempo que se contribuye a fortalecer las acciones sociales que DIF Torre\u00f3n realiza en beneficio de quienes m\u00e1s lo necesitan.<\/p>\n","protected":false},"excerpt":{"rendered":"<p>Torre\u00f3n, Coahuila. 07 de noviembre de 2025 En el marco del Festival del Mitote Lagunero, el Sistema para el Desarrollo Integral de la Familia (DIF) Torre\u00f3n, invita al Recital de \u00d3pera con Nadine Sierra que se llevar\u00e1 a cabo el mi\u00e9rcoles 12 de noviembre, a las 20:00 horas en el Teatro Isauro Mart\u00ednez. La se\u00f1ora [&hellip;]<\/p>\n","protected":false},"author":1,"featured_media":26962,"comment_status":"open","ping_status":"open","sticky":false,"template":"","format":"standard","meta":{"_monsterinsights_skip_tracking":false,"_monsterinsights_sitenote_active":false,"_monsterinsights_sitenote_note":"","_monsterinsights_sitenote_category":0,"footnotes":""},"categories":[1],"tags":[],"_links":{"self":[{"href":"https:\/\/zonalimitrofe-cbnr.com\/index.php\/wp-json\/wp\/v2\/posts\/26961"}],"collection":[{"href":"https:\/\/zonalimitrofe-cbnr.com\/index.php\/wp-json\/wp\/v2\/posts"}],"about":[{"href":"https:\/\/zonalimitrofe-cbnr.com\/index.php\/wp-json\/wp\/v2\/types\/post"}],"author":[{"embeddable":true,"href":"https:\/\/zonalimitrofe-cbnr.com\/index.php\/wp-json\/wp\/v2\/users\/1"}],"replies":[{"embeddable":true,"href":"https:\/\/zonalimitrofe-cbnr.com\/index.php\/wp-json\/wp\/v2\/comments?post=26961"}],"version-history":[{"count":1,"href":"https:\/\/zonalimitrofe-cbnr.com\/index.php\/wp-json\/wp\/v2\/posts\/26961\/revisions"}],"predecessor-version":[{"id":26963,"href":"https:\/\/zonalimitrofe-cbnr.com\/index.php\/wp-json\/wp\/v2\/posts\/26961\/revisions\/26963"}],"wp:featuredmedia":[{"embeddable":true,"href":"https:\/\/zonalimitrofe-cbnr.com\/index.php\/wp-json\/wp\/v2\/media\/26962"}],"wp:attachment":[{"href":"https:\/\/zonalimitrofe-cbnr.com\/index.php\/wp-json\/wp\/v2\/media?parent=26961"}],"wp:term":[{"taxonomy":"category","embeddable":true,"href":"https:\/\/zonalimitrofe-cbnr.com\/index.php\/wp-json\/wp\/v2\/categories?post=26961"},{"taxonomy":"post_tag","embeddable":true,"href":"https:\/\/zonalimitrofe-cbnr.com\/index.php\/wp-json\/wp\/v2\/tags?post=26961"}],"curies":[{"name":"wp","href":"https:\/\/api.w.org\/{rel}","templated":true}]}}