{"id":26958,"date":"2025-11-07T17:44:49","date_gmt":"2025-11-07T23:44:49","guid":{"rendered":"https:\/\/zonalimitrofe-cbnr.com\/?p=26958"},"modified":"2025-11-07T17:44:49","modified_gmt":"2025-11-07T23:44:49","slug":"lerdo-programa-de-reforestacion-llega-a-fraccionamiento-el-kiosco","status":"publish","type":"post","link":"https:\/\/zonalimitrofe-cbnr.com\/index.php\/2025\/11\/07\/lerdo-programa-de-reforestacion-llega-a-fraccionamiento-el-kiosco\/","title":{"rendered":"#Lerdo. PROGRAMA DE REFORESTACI\u00d3N LLEGA A FRACCIONAMIENTO EL KIOSCO*"},"content":{"rendered":"\n<p>Lerdo, 07 de noviembre 2025.- El Gobierno Municipal de Lerdo, a trav\u00e9s de las direcciones de Servicios P\u00fablicos y Medio Ambiente contin\u00faa acercando el programa de Reforestaci\u00f3n \u201cPor nuestra Ciudad Jard\u00edn\u201d. Esta vez, el personal del Ayuntamiento acudi\u00f3 al parque del fraccionamiento El Kiosco.<\/p>\n\n\n\n<p>En representaci\u00f3n de la Presidenta Municipal Susy Torrecillas, Jessica Guillen extern\u00f3 a los habitantes del fraccionamiento el compromiso de la Alcaldesa, para continuar trabajando de la mano sociedad y gobierno, por un Lerdo activo, saludable y seguro, promoviendo el cuidado del medio ambiente.<\/p>\n\n\n\n<p>Entre los beneficios de la plantaci\u00f3n de \u00e1rboles, est\u00e1 el combate del cambio clim\u00e1tico, pues los ejemplares absorben di\u00f3xido de carbono; tambi\u00e9n se trabaja en recuperar la biodiversidad al restaurar h\u00e1bitats naturales, mejorando la calidad del aire y del agua, previniendo la erosi\u00f3n y la desertificaci\u00f3n, y promoviendo el desarrollo rural y la educaci\u00f3n ambiental.<\/p>\n\n\n\n<p>En este encuentro se cont\u00f3 con la presencia del director de Servicios P\u00fablicos, Jorge Alberto Silva; la directora de Medio Ambiente, Diana Gisela Ponce; el titular de Parques y Jardines Fernando Garza; la coordinadora del Parque Nacional Raymundo y Vivero Municipal, Diana Camacho; la encargada del \u00e1rea de Reforestaci\u00f3n, Lourdes Castil; Yuri Edith Ch\u00e1vez, encargada de Alumbrado P\u00fablico; entre otros funcionarios.<\/p>\n\n\n\n<p>Cabe hacer menci\u00f3n que se cre\u00f3 un comit\u00e9 donde los ciudadanos se comprometieron a ser cuidadores responsables y regar los \u00e1rboles. As\u00ed mismo, las autoridades del municipio reiteraron su deber para continuar atendiendo las necesidades de la ciudadan\u00eda y garantizar que los espacios p\u00fablicos sean de calidad, seguros y se mantengan limpios.<\/p>\n","protected":false},"excerpt":{"rendered":"<p>Lerdo, 07 de noviembre 2025.- El Gobierno Municipal de Lerdo, a trav\u00e9s de las direcciones de Servicios P\u00fablicos y Medio Ambiente contin\u00faa acercando el programa de Reforestaci\u00f3n \u201cPor nuestra Ciudad Jard\u00edn\u201d. Esta vez, el personal del Ayuntamiento acudi\u00f3 al parque del fraccionamiento El Kiosco. En representaci\u00f3n de la Presidenta Municipal Susy Torrecillas, Jessica Guillen extern\u00f3 [&hellip;]<\/p>\n","protected":false},"author":1,"featured_media":26959,"comment_status":"open","ping_status":"open","sticky":false,"template":"","format":"standard","meta":{"_monsterinsights_skip_tracking":false,"_monsterinsights_sitenote_active":false,"_monsterinsights_sitenote_note":"","_monsterinsights_sitenote_category":0,"footnotes":""},"categories":[1],"tags":[],"_links":{"self":[{"href":"https:\/\/zonalimitrofe-cbnr.com\/index.php\/wp-json\/wp\/v2\/posts\/26958"}],"collection":[{"href":"https:\/\/zonalimitrofe-cbnr.com\/index.php\/wp-json\/wp\/v2\/posts"}],"about":[{"href":"https:\/\/zonalimitrofe-cbnr.com\/index.php\/wp-json\/wp\/v2\/types\/post"}],"author":[{"embeddable":true,"href":"https:\/\/zonalimitrofe-cbnr.com\/index.php\/wp-json\/wp\/v2\/users\/1"}],"replies":[{"embeddable":true,"href":"https:\/\/zonalimitrofe-cbnr.com\/index.php\/wp-json\/wp\/v2\/comments?post=26958"}],"version-history":[{"count":1,"href":"https:\/\/zonalimitrofe-cbnr.com\/index.php\/wp-json\/wp\/v2\/posts\/26958\/revisions"}],"predecessor-version":[{"id":26960,"href":"https:\/\/zonalimitrofe-cbnr.com\/index.php\/wp-json\/wp\/v2\/posts\/26958\/revisions\/26960"}],"wp:featuredmedia":[{"embeddable":true,"href":"https:\/\/zonalimitrofe-cbnr.com\/index.php\/wp-json\/wp\/v2\/media\/26959"}],"wp:attachment":[{"href":"https:\/\/zonalimitrofe-cbnr.com\/index.php\/wp-json\/wp\/v2\/media?parent=26958"}],"wp:term":[{"taxonomy":"category","embeddable":true,"href":"https:\/\/zonalimitrofe-cbnr.com\/index.php\/wp-json\/wp\/v2\/categories?post=26958"},{"taxonomy":"post_tag","embeddable":true,"href":"https:\/\/zonalimitrofe-cbnr.com\/index.php\/wp-json\/wp\/v2\/tags?post=26958"}],"curies":[{"name":"wp","href":"https:\/\/api.w.org\/{rel}","templated":true}]}}