{"id":26946,"date":"2025-11-07T17:32:50","date_gmt":"2025-11-07T23:32:50","guid":{"rendered":"https:\/\/zonalimitrofe-cbnr.com\/?p=26946"},"modified":"2025-11-07T17:32:50","modified_gmt":"2025-11-07T23:32:50","slug":"lerdo-realizan-limpieza-de-espacios-publicos-en-villa-jardin","status":"publish","type":"post","link":"https:\/\/zonalimitrofe-cbnr.com\/index.php\/2025\/11\/07\/lerdo-realizan-limpieza-de-espacios-publicos-en-villa-jardin\/","title":{"rendered":"#Lerdo. REALIZAN LIMPIEZA DE ESPACIOS P\u00daBLICOS EN VILLA JARD\u00cdN*"},"content":{"rendered":"\n<p>Lerdo, 07 de noviembre 2025.- Por instrucciones de la Presidenta Municipal Susy Torrecillas Salazar, la Direcci\u00f3n de Servicios P\u00fablicos inici\u00f3 los trabajos de limpieza en la colonia Villa Jard\u00edn, con el prop\u00f3sito de mejorar la imagen urbana y brindar espacios m\u00e1s limpios y seguros a las familias lerdenses.<\/p>\n\n\n\n<p>El director de la dependencia, Jorge Alberto Silva, inform\u00f3 que las labores continuar\u00e1n en los pr\u00f3ximos d\u00edas para atender las solicitudes de los vecinos, a quienes de la misma manera se har\u00e1 un exhorto para mantener sus vialidades limpias, no arrojar basura a las calles y esperar al cami\u00f3n recolector.<\/p>\n\n\n\n<p>Asimismo, se\u00f1al\u00f3 que la Direcci\u00f3n de Servicios P\u00fablicos, a trav\u00e9s de sus diferentes \u00e1reas, como Bacheo, Parques y Jardines, Alumbrado P\u00fablico y Recolecci\u00f3n de basura, entre otras. Llevar\u00e1 a cabo una atenci\u00f3n integral en el sector.<\/p>\n\n\n\n<p>Por su parte, Fernando Garza, jefe del Departamento de Parques y Jardines, destac\u00f3 que gracias al respaldo y dotaci\u00f3n de material por parte de la Alcaldesa Susy Torrecillas, el personal cuenta con las herramientas necesarias para realizar los trabajos de limpieza, recolecci\u00f3n de basura y escombro, deshierbe y poda de \u00e1rboles.<\/p>\n\n\n\n<p>Con estas acciones, el Gobierno Municipal refrenda su compromiso con el bienestar de las y los ciudadanos, manteniendo un Lerdo limpio y en constante mejora.<\/p>\n","protected":false},"excerpt":{"rendered":"<p>Lerdo, 07 de noviembre 2025.- Por instrucciones de la Presidenta Municipal Susy Torrecillas Salazar, la Direcci\u00f3n de Servicios P\u00fablicos inici\u00f3 los trabajos de limpieza en la colonia Villa Jard\u00edn, con el prop\u00f3sito de mejorar la imagen urbana y brindar espacios m\u00e1s limpios y seguros a las familias lerdenses. El director de la dependencia, Jorge Alberto [&hellip;]<\/p>\n","protected":false},"author":1,"featured_media":26947,"comment_status":"open","ping_status":"open","sticky":false,"template":"","format":"standard","meta":{"_monsterinsights_skip_tracking":false,"_monsterinsights_sitenote_active":false,"_monsterinsights_sitenote_note":"","_monsterinsights_sitenote_category":0,"footnotes":""},"categories":[1],"tags":[],"_links":{"self":[{"href":"https:\/\/zonalimitrofe-cbnr.com\/index.php\/wp-json\/wp\/v2\/posts\/26946"}],"collection":[{"href":"https:\/\/zonalimitrofe-cbnr.com\/index.php\/wp-json\/wp\/v2\/posts"}],"about":[{"href":"https:\/\/zonalimitrofe-cbnr.com\/index.php\/wp-json\/wp\/v2\/types\/post"}],"author":[{"embeddable":true,"href":"https:\/\/zonalimitrofe-cbnr.com\/index.php\/wp-json\/wp\/v2\/users\/1"}],"replies":[{"embeddable":true,"href":"https:\/\/zonalimitrofe-cbnr.com\/index.php\/wp-json\/wp\/v2\/comments?post=26946"}],"version-history":[{"count":1,"href":"https:\/\/zonalimitrofe-cbnr.com\/index.php\/wp-json\/wp\/v2\/posts\/26946\/revisions"}],"predecessor-version":[{"id":26948,"href":"https:\/\/zonalimitrofe-cbnr.com\/index.php\/wp-json\/wp\/v2\/posts\/26946\/revisions\/26948"}],"wp:featuredmedia":[{"embeddable":true,"href":"https:\/\/zonalimitrofe-cbnr.com\/index.php\/wp-json\/wp\/v2\/media\/26947"}],"wp:attachment":[{"href":"https:\/\/zonalimitrofe-cbnr.com\/index.php\/wp-json\/wp\/v2\/media?parent=26946"}],"wp:term":[{"taxonomy":"category","embeddable":true,"href":"https:\/\/zonalimitrofe-cbnr.com\/index.php\/wp-json\/wp\/v2\/categories?post=26946"},{"taxonomy":"post_tag","embeddable":true,"href":"https:\/\/zonalimitrofe-cbnr.com\/index.php\/wp-json\/wp\/v2\/tags?post=26946"}],"curies":[{"name":"wp","href":"https:\/\/api.w.org\/{rel}","templated":true}]}}