{"id":26934,"date":"2025-11-07T17:12:11","date_gmt":"2025-11-07T23:12:11","guid":{"rendered":"https:\/\/zonalimitrofe-cbnr.com\/?p=26934"},"modified":"2025-11-07T17:12:11","modified_gmt":"2025-11-07T23:12:11","slug":"uadec-reconoce-uadec-labor-de-periodistas-con-el-premio-de-periodismo-cultural-armando-fuentes-aguirre-en-su-edicion-26","status":"publish","type":"post","link":"https:\/\/zonalimitrofe-cbnr.com\/index.php\/2025\/11\/07\/uadec-reconoce-uadec-labor-de-periodistas-con-el-premio-de-periodismo-cultural-armando-fuentes-aguirre-en-su-edicion-26\/","title":{"rendered":"#UAdeC. Reconoce UAdeC Labor de Periodistas con el Premio de Periodismo Cultural \u201cArmando Fuentes Aguirre\u201d en su Edici\u00f3n 26"},"content":{"rendered":"\n<p>ARTEAGA, Coahuila. 7 de noviembre de 2025. La Universidad Aut\u00f3noma de Coahuila, entreg\u00f3 la vig\u00e9sima sexta edici\u00f3n del Premio de Periodismo Cultural Armando Fuentes Aguirre \u201cCat\u00f3n\u201d, con la que se reconoci\u00f3 a periodistas en las categor\u00edas de prensa, radio, televisi\u00f3n, impacto social y trayectoria.<\/p>\n\n\n\n<p>La ceremonia se realiz\u00f3 en el Lobby de la Infoteca Campus Arteaga, asisti\u00f3 en representaci\u00f3n del gobernador del estado de Coahuila, Manolo Jim\u00e9nez Salinas, el subsecretario general de Gobierno y Comunicaci\u00f3n Institucional, Diego Rodr\u00edguez Canales, el rector de la m\u00e1xima casa de estudios, Octavio Pimentel Mart\u00ednez, el cronista y escritor, Armando Fuentes Aguirre \u201cCat\u00f3n\u201d, el coordinador de Comunicaci\u00f3n y Relaciones P\u00fablicas, Sergio Ar\u00e9valo Aguirre, la galardonada en la categor\u00eda de trayectoria, Ana Rebecca Rodr\u00edguez Villarreal e invitados especiales.<\/p>\n\n\n\n<p>En su mensaje de bienvenida, el coordinador de Comunicaci\u00f3n y Relaciones P\u00fablicas, Sergio Ar\u00e9valo, se\u00f1al\u00f3 que, el Premio de Periodismo Cultural Armando Fuentes Aguirre no es un premio est\u00e1tico, m\u00e1s bien es una m\u00e1quina de escribir de teclas firmes que sigue escribiendo su historia, adapt\u00e1ndose a los tiempos modernos, creando y ajustando categor\u00edas, siempre observando las tendencias y acontecimientos relacionados con la sociedad y la cultura, reconociendo en todo momento a la persona por la que lleva nombre este Premio.<\/p>\n\n\n\n<p>\u201cEstimadas y estimados galardonados, felicidades, son sus trabajos los que han destacado, que, a trav\u00e9s de su lente, su voz o su pluma han impulsado la poes\u00eda, la importancia de la visibilidad, los voladores de Papantla o un Hombre de Bilbao, nuestro reconocimiento por no dejarse caer en la monoton\u00eda ni en la apat\u00eda a la gran C de cultura\u201d, dijo.<\/p>\n\n\n\n<p>Agreg\u00f3 que, en la Universidad Aut\u00f3noma de Coahuila pega la L, de Legado, de Liderazgo y claro de Lectura, porque nuestro estado es cuna de grandes escritores y periodistas promotores de la cultura.<\/p>\n\n\n\n<p>El subsecretario general de Gobierno y Comunicaci\u00f3n Institucional, Diego Rodr\u00edguez Canales, enfatiz\u00f3 que, en Coahuila se defiende la libertad de expresi\u00f3n y la construcci\u00f3n cultural, por lo que, destac\u00f3 que, esto en el estado se vive con responsabilidad, se vive con apertura y con respeto a la diferencia de ideas.<\/p>\n\n\n\n<p>\u201cLa universidad, sin duda alguna es un eje del desarrollo social y no se entiende el desarrollo social con un plan de gobierno, enti\u00e9ndase como una visi\u00f3n de un estado y de verdadero desarrollo social, ya que esto no se logra sin pensamiento, no se logra sin informaci\u00f3n y no se logra sin di\u00e1logo\u201d, coment\u00f3.<\/p>\n\n\n\n<p>Dijo que, la cultura no es un ornamento, sino que es una forma de entendernos, pues esta se entiende como las bellas artes, que es la m\u00fasica, el arte, la literatura y el baile, pues la cultura no solamente embellece la vida, sino que tambi\u00e9n la transforma, la cuestiona y la eleva.<\/p>\n\n\n\n<p>Por su parte, el rector Octavio Pimentel Mart\u00ednez, se\u00f1al\u00f3 que, con este premio se honra la labor del periodismo cultural, al tiempo que, se reconoce la libertad como un valor esencial del desarrollo humano y social, pues esta es fundamental para fortalecer el pensamiento cr\u00edtico, la ciencia y la identidad.<\/p>\n\n\n\n<p>\u201cReconocemos en ustedes a quienes ejercen la libertad con responsabilidad y con sentido, en tiempos en donde la inmediatez sustituye al di\u00e1logo, el periodismo cultural construye puentes entre la creaci\u00f3n y la ciudadan\u00eda, entre la memoria y la actualidad y entre el individuo y la comunidad\u201d, se\u00f1al\u00f3.<\/p>\n\n\n\n<p>Por otro lado, reiter\u00f3 que, en la Universidad Aut\u00f3noma de Coahuila se tiene la convicci\u00f3n de seguir impulsando todas las manifestaciones de la cultura, esto en medio de la transformaci\u00f3n tecnol\u00f3gica<\/p>\n\n\n\n<p>Mientras que, el cronista y escritor, Armando Fuentes Aguirre \u201cCat\u00f3n\u201d, agradeci\u00f3 al ex rector Jos\u00e9 Mar\u00eda Fraustro Siller por nombrar a este premio con su nombre hace 26 a\u00f1os, as\u00ed como al rector Octavio Pimentel Mart\u00ednez y al coordinador de Comunicaci\u00f3n y Relaciones P\u00fablicas, Sergio Ar\u00e9valo Aguirre, por continuar impulsando este galard\u00f3n y reconocer la labor period\u00edstica.<\/p>\n\n\n\n<p>\u201cMis felicitaciones a quienes recibieron este galard\u00f3n por su trabajo, talento y dedicaci\u00f3n, su labor y vocaci\u00f3n es transmitir a los dem\u00e1s lo que saben, escribir para los dem\u00e1s equivale a comulgar con ellos al impartirles el santo sacramento de la verdad y la belleza\u201d, dijo.<\/p>\n\n\n\n<p>En la categor\u00eda de Prensa los ganadores son: Nota, Jos\u00e9 Luis S\u00e1nchez Dur\u00f3n de Z\u00f3calo Saltillo con &#8220;El coahuilense que le compuso a la Virgen&#8221;; Art\u00edculo, Lucila Navarrete Turrent de Casa del Tiempo (REVISTA UAM) con &#8220;Una muerte, muchas muertes. Impresiones sobre poes\u00eda coahuilense&#8221;.<\/p>\n\n\n\n<p>Entrevista, Adriana Tomasita Cruz Sifuentes de Peri\u00f3dico \u201cLa Voz\u201d, &#8220;La lucha ahora es con la memoria&#8221;; Columna, Laura Daniella Giacomann Vargas de \u201cLa Otra Plana\u201d Medio Digital, &#8220;Mujeres con discapacidad: la lucha silenciosa&#8221;; Reportaje, Lilia Ang\u00e9lica Ovalle Arias de Milenio Laguna, &#8220;El hombre de Bilbao ser\u00e1 presentado por el INAH en Coahuila&#8221;; Cr\u00f3nica, Luis Esteban Esquivel Cort\u00e9s de Z\u00f3calo Saltillo, &#8220;Cr\u00f3nica de cuando cruz\u00e1bamos sin fronteras: historias del viejo Estado de Coahuila y Texas&#8221; y en Fotograf\u00eda, Alberto Puente Segura de Imagen Coahuila, &#8220;Voladores de Papantla&#8221;.<\/p>\n\n\n\n<p>En la categor\u00eda de Radio: Nota, Lorena Zamora Rocha de XHSJ 103.3 FM (RCG MEDIA), &#8220;Un Cristo de cinco d\u00e9cadas&#8221;; Entrevista, Jes\u00fas Gerardo Cervantes Flores de El Diario de Coahuila (Podcast Contrapuesto), &#8220;Entrevista a Natanael Espinoza&#8221;;<\/p>\n\n\n\n<p>Reportaje, Mayela \u00c1vila Saucedo de Noticieros GREM (Grupo Radio Est\u00e9reo Mayr\u00e1n) &#8220;En La Laguna, \u00bfcu\u00e1l es tu cumbia?&#8221;.<\/p>\n\n\n\n<p>En la categor\u00eda de Televisi\u00f3n: Christyan Estrada Castillo de TV Azteca, &#8220;Hombre de Bilbao&#8221;; Entrevista, Mar\u00eda Estefany Sol\u00eds Mart\u00ednez de NMAS Coahuila, &#8220;Faustino Torres, chofer y cantante&#8221;; Reportaje, Jos\u00e9 Humberto Casas Rosales de Vanguardia, &#8220;Orgullo: identidad e importancia de la visibilidad&#8221;.<\/p>\n\n\n\n<p>Impacto Social: Memorial Virtual de C\u00e9sar Eduardo Espinoza Gallegos de El Coahuilense, &#8220;En memoria de ellas&#8221; y en Trayectoria, Ana Rebecca Rodr\u00edguez Villarreal por 30 a\u00f1os en el periodismo y locuci\u00f3n profesional.<\/p>\n\n\n\n<p>En esta edici\u00f3n se recibieron 179 trabajos de 92 periodistas de Saltillo, Monclova, Piedras Negras, Regi\u00f3n Carbon\u00edfera y Laguna, as\u00ed como ocho postulaciones a la categor\u00eda de trayectoria, cabe mencionar que como parte de una nueva etapa de este galard\u00f3n, se incorpor\u00f3 un innovador dise\u00f1o de estatuilla realizada por el escultor saltillense y docente de la Facultad de Artes Pl\u00e1sticas, Jorge Alberto Gonz\u00e1lez Cepeda, quien encabez\u00f3 al equipo conformado por orgullosos estudiantes de este plantel que tuvieron como encomienda trabajar en esta nueva pieza art\u00edstica.<\/p>\n","protected":false},"excerpt":{"rendered":"<p>ARTEAGA, Coahuila. 7 de noviembre de 2025. La Universidad Aut\u00f3noma de Coahuila, entreg\u00f3 la vig\u00e9sima sexta edici\u00f3n del Premio de Periodismo Cultural Armando Fuentes Aguirre \u201cCat\u00f3n\u201d, con la que se reconoci\u00f3 a periodistas en las categor\u00edas de prensa, radio, televisi\u00f3n, impacto social y trayectoria. La ceremonia se realiz\u00f3 en el Lobby de la Infoteca Campus [&hellip;]<\/p>\n","protected":false},"author":1,"featured_media":26935,"comment_status":"open","ping_status":"open","sticky":false,"template":"","format":"standard","meta":{"_monsterinsights_skip_tracking":false,"_monsterinsights_sitenote_active":false,"_monsterinsights_sitenote_note":"","_monsterinsights_sitenote_category":0,"footnotes":""},"categories":[1],"tags":[],"_links":{"self":[{"href":"https:\/\/zonalimitrofe-cbnr.com\/index.php\/wp-json\/wp\/v2\/posts\/26934"}],"collection":[{"href":"https:\/\/zonalimitrofe-cbnr.com\/index.php\/wp-json\/wp\/v2\/posts"}],"about":[{"href":"https:\/\/zonalimitrofe-cbnr.com\/index.php\/wp-json\/wp\/v2\/types\/post"}],"author":[{"embeddable":true,"href":"https:\/\/zonalimitrofe-cbnr.com\/index.php\/wp-json\/wp\/v2\/users\/1"}],"replies":[{"embeddable":true,"href":"https:\/\/zonalimitrofe-cbnr.com\/index.php\/wp-json\/wp\/v2\/comments?post=26934"}],"version-history":[{"count":1,"href":"https:\/\/zonalimitrofe-cbnr.com\/index.php\/wp-json\/wp\/v2\/posts\/26934\/revisions"}],"predecessor-version":[{"id":26936,"href":"https:\/\/zonalimitrofe-cbnr.com\/index.php\/wp-json\/wp\/v2\/posts\/26934\/revisions\/26936"}],"wp:featuredmedia":[{"embeddable":true,"href":"https:\/\/zonalimitrofe-cbnr.com\/index.php\/wp-json\/wp\/v2\/media\/26935"}],"wp:attachment":[{"href":"https:\/\/zonalimitrofe-cbnr.com\/index.php\/wp-json\/wp\/v2\/media?parent=26934"}],"wp:term":[{"taxonomy":"category","embeddable":true,"href":"https:\/\/zonalimitrofe-cbnr.com\/index.php\/wp-json\/wp\/v2\/categories?post=26934"},{"taxonomy":"post_tag","embeddable":true,"href":"https:\/\/zonalimitrofe-cbnr.com\/index.php\/wp-json\/wp\/v2\/tags?post=26934"}],"curies":[{"name":"wp","href":"https:\/\/api.w.org\/{rel}","templated":true}]}}