{"id":26923,"date":"2025-11-06T20:08:08","date_gmt":"2025-11-07T02:08:08","guid":{"rendered":"https:\/\/zonalimitrofe-cbnr.com\/?p=26923"},"modified":"2025-11-06T20:08:08","modified_gmt":"2025-11-07T02:08:08","slug":"torreon-se-prepara-para-la-temporada-decembrina-inicia-la-instalacion-del-alumbrado-navideno","status":"publish","type":"post","link":"https:\/\/zonalimitrofe-cbnr.com\/index.php\/2025\/11\/06\/torreon-se-prepara-para-la-temporada-decembrina-inicia-la-instalacion-del-alumbrado-navideno\/","title":{"rendered":"#Torre\u00f3n se prepara para la temporada decembrina; inicia la instalaci\u00f3n del alumbrado navide\u00f1o"},"content":{"rendered":"\n<p><strong>Torre\u00f3n, Coahuila. A 06 de noviembre de 2025<\/strong>.- La Direcci\u00f3n de Servicios P\u00fablicos ha iniciado los preparativos para la temporada decembrina con la instalaci\u00f3n de series navide\u00f1as en el bulevar Independencia. La colocaci\u00f3n inici\u00f3 a la altura de la calle Ildefonso Fuentes y se extender\u00e1 hasta el perif\u00e9rico Ra\u00fal L\u00f3pez S\u00e1nchez. Fernando Villarreal Cu\u00e9llar, titular de la dependencia, dio a conocer que los trabajos se centran en colocar series de luz c\u00e1lida en los troncos de los \u00e1rboles y palmas, que se encuentran en los camellones. Indic\u00f3 que se tiene proyectado instalar alrededor de 120 series durante esta semana, y se espera culminar los trabajos de colocaci\u00f3n a final del mes. En total sumar\u00e1n 27 mil metros de iluminaci\u00f3n para dar luz y color a las festividades decembrinas y al encendido del pino navide\u00f1o en la Plaza Mayor, actividad que realiza la Administraci\u00f3n Municipal en conjunto con el Gobierno del Estado en diciembre. El funcionario inform\u00f3 que en pr\u00f3ximos d\u00edas, la decoraci\u00f3n se extender\u00e1 a la calzada Col\u00f3n con la instalaci\u00f3n de las famosas &#8220;cascadas de luz\u201d, as\u00ed como en Paseo Morelos. \u201cLa decoraci\u00f3n luminosa en los \u00e1rboles y palmas realizada el a\u00f1o pasado, se qued\u00f3 de manera permanente gracias a la gran aceptaci\u00f3n de los ciudadanos\u201d, resalt\u00f3 el director. Adicionalmente, se contempla la futura instalaci\u00f3n de series decorativas en la avenida Ju\u00e1rez, el bulevar de la Nogalera y la Plaza Mayor, para tener una ciudad iluminada durante la temporada. Villarreal Cu\u00e9llar destac\u00f3 que estas acciones cumplen los objetivos de la Administraci\u00f3n Municipal encabezada por el alcalde Rom\u00e1n Alberto Cepeda Gonz\u00e1lez, de ofrecer a la ciudadan\u00eda espacios dignos que fomenten el sano esparcimiento y que incentiven la convivencia familiar.<\/p>\n","protected":false},"excerpt":{"rendered":"<p>Torre\u00f3n, Coahuila. A 06 de noviembre de 2025.- La Direcci\u00f3n de Servicios P\u00fablicos ha iniciado los preparativos para la temporada decembrina con la instalaci\u00f3n de series navide\u00f1as en el bulevar Independencia. La colocaci\u00f3n inici\u00f3 a la altura de la calle Ildefonso Fuentes y se extender\u00e1 hasta el perif\u00e9rico Ra\u00fal L\u00f3pez S\u00e1nchez. Fernando Villarreal Cu\u00e9llar, titular [&hellip;]<\/p>\n","protected":false},"author":1,"featured_media":26924,"comment_status":"open","ping_status":"open","sticky":false,"template":"","format":"standard","meta":{"_monsterinsights_skip_tracking":false,"_monsterinsights_sitenote_active":false,"_monsterinsights_sitenote_note":"","_monsterinsights_sitenote_category":0,"footnotes":""},"categories":[1],"tags":[],"_links":{"self":[{"href":"https:\/\/zonalimitrofe-cbnr.com\/index.php\/wp-json\/wp\/v2\/posts\/26923"}],"collection":[{"href":"https:\/\/zonalimitrofe-cbnr.com\/index.php\/wp-json\/wp\/v2\/posts"}],"about":[{"href":"https:\/\/zonalimitrofe-cbnr.com\/index.php\/wp-json\/wp\/v2\/types\/post"}],"author":[{"embeddable":true,"href":"https:\/\/zonalimitrofe-cbnr.com\/index.php\/wp-json\/wp\/v2\/users\/1"}],"replies":[{"embeddable":true,"href":"https:\/\/zonalimitrofe-cbnr.com\/index.php\/wp-json\/wp\/v2\/comments?post=26923"}],"version-history":[{"count":1,"href":"https:\/\/zonalimitrofe-cbnr.com\/index.php\/wp-json\/wp\/v2\/posts\/26923\/revisions"}],"predecessor-version":[{"id":26925,"href":"https:\/\/zonalimitrofe-cbnr.com\/index.php\/wp-json\/wp\/v2\/posts\/26923\/revisions\/26925"}],"wp:featuredmedia":[{"embeddable":true,"href":"https:\/\/zonalimitrofe-cbnr.com\/index.php\/wp-json\/wp\/v2\/media\/26924"}],"wp:attachment":[{"href":"https:\/\/zonalimitrofe-cbnr.com\/index.php\/wp-json\/wp\/v2\/media?parent=26923"}],"wp:term":[{"taxonomy":"category","embeddable":true,"href":"https:\/\/zonalimitrofe-cbnr.com\/index.php\/wp-json\/wp\/v2\/categories?post=26923"},{"taxonomy":"post_tag","embeddable":true,"href":"https:\/\/zonalimitrofe-cbnr.com\/index.php\/wp-json\/wp\/v2\/tags?post=26923"}],"curies":[{"name":"wp","href":"https:\/\/api.w.org\/{rel}","templated":true}]}}