{"id":26879,"date":"2025-11-05T22:59:26","date_gmt":"2025-11-06T04:59:26","guid":{"rendered":"https:\/\/zonalimitrofe-cbnr.com\/?p=26879"},"modified":"2025-11-05T22:59:26","modified_gmt":"2025-11-06T04:59:26","slug":"gp-reinstalacion-del-comite-de-ordenamiento-ecologico-territorial-reflejo-del-interes-genuino-por-el-futuro-de-gomez-palacio-betzabe-martinez","status":"publish","type":"post","link":"https:\/\/zonalimitrofe-cbnr.com\/index.php\/2025\/11\/05\/gp-reinstalacion-del-comite-de-ordenamiento-ecologico-territorial-reflejo-del-interes-genuino-por-el-futuro-de-gomez-palacio-betzabe-martinez\/","title":{"rendered":"#GP. Reinstalaci\u00f3n del Comit\u00e9 de Ordenamiento Ecol\u00f3gico Territorial, reflejo del inter\u00e9s genuino por el futuro de G\u00f3mez Palacio: Betzab\u00e9 Mart\u00ednez*"},"content":{"rendered":"\n<p>*La alcaldesa destaca los valores de compromiso, responsabilidad y planeaci\u00f3n en el desarrollo sustentable del municipio*<\/p>\n\n\n\n<p>Con el prop\u00f3sito de fortalecer la coordinaci\u00f3n entre los sectores p\u00fablico, privado y social, y promover la congruencia de los planes y programas que impulsen un desarrollo ordenado y sostenible, la presidenta municipal Betzab\u00e9 Mart\u00ednez Arango encabez\u00f3 la reinstalaci\u00f3n del Comit\u00e9 de Ordenamiento Ecol\u00f3gico Territorial de G\u00f3mez Palacio.<\/p>\n\n\n\n<p>Durante su mensaje, la alcaldesa destac\u00f3 que este acto representa mucho m\u00e1s que un tr\u00e1mite administrativo, al constituirse como un compromiso renovado con el futuro ambiental y el desarrollo responsable del municipio.<\/p>\n\n\n\n<p>\u201cHoy no solo reinstalamos un comit\u00e9, renovamos nuestro compromiso con el medio ambiente, con el uso responsable de nuestros recursos naturales y con una planeaci\u00f3n territorial que garantice el equilibrio entre el desarrollo econ\u00f3mico y la preservaci\u00f3n ecol\u00f3gica\u201d, afirm\u00f3 Betzab\u00e9 Mart\u00ednez.<\/p>\n\n\n\n<p>La presidenta municipal reconoci\u00f3 la participaci\u00f3n de representantes del sector acad\u00e9mico, empresarial, agr\u00edcola, ganadero y de los distintos niveles de gobierno, a quienes agradeci\u00f3 por sumarse a este esfuerzo colectivo.<\/p>\n\n\n\n<p>\u201cSu presencia refleja un inter\u00e9s genuino con el futuro de G\u00f3mez Palacio y con las generaciones que heredar\u00e1n este territorio. Necesitamos de su experiencia, de sus ideas y de su visi\u00f3n cr\u00edtica para construir un ordenamiento ecol\u00f3gico territorial \u00fatil, aplicable y acorde a las necesidades reales de nuestro municipio\u201d, subray\u00f3.<\/p>\n\n\n\n<p>Durante la sesi\u00f3n, la secretaria de Recursos Naturales y Medio Ambiente del Estado de Durango, Claudia Ernestina Hern\u00e1ndez Espino, tom\u00f3 protesta a los integrantes del Comit\u00e9 y encabez\u00f3 la instalaci\u00f3n de la mesa de trabajo que marca formalmente el inicio de sus funciones.<\/p>\n\n\n\n<p>El Comit\u00e9 de Ordenamiento Ecol\u00f3gico Territorial es el \u00f3rgano de coordinaci\u00f3n entre dependencias de los tres \u00f3rdenes de gobierno, instituciones acad\u00e9micas, organizaciones civiles y sectores productivos. Su prop\u00f3sito es asegurar la congruencia de los planes y acciones sectoriales, fomentar la participaci\u00f3n social, incorporar los intereses de cada sector y evaluar la efectividad del ordenamiento ecol\u00f3gico, proponiendo su actualizaci\u00f3n cuando sea necesario.<\/p>\n\n\n\n<p>En la sesi\u00f3n participaron tambi\u00e9n Marco Antonio \u00c1vila Ch\u00e1vez, representante de la SEMARNAT; Amorita Ivonne Salas Westphal, presidenta del Comit\u00e9 de Ordenamiento Ecol\u00f3gico Municipal; Mar\u00eda Elena Rodarte Garc\u00eda, de la Comisi\u00f3n Nacional de \u00c1reas Naturales Protegidas, adem\u00e1s de representantes de dependencias federales, estatales y municipales, as\u00ed como del sector acad\u00e9mico, empresarial y de organizaciones no gubernamentales.<\/p>\n","protected":false},"excerpt":{"rendered":"<p>*La alcaldesa destaca los valores de compromiso, responsabilidad y planeaci\u00f3n en el desarrollo sustentable del municipio* Con el prop\u00f3sito de fortalecer la coordinaci\u00f3n entre los sectores p\u00fablico, privado y social, y promover la congruencia de los planes y programas que impulsen un desarrollo ordenado y sostenible, la presidenta municipal Betzab\u00e9 Mart\u00ednez Arango encabez\u00f3 la reinstalaci\u00f3n [&hellip;]<\/p>\n","protected":false},"author":1,"featured_media":26880,"comment_status":"open","ping_status":"open","sticky":false,"template":"","format":"standard","meta":{"_monsterinsights_skip_tracking":false,"_monsterinsights_sitenote_active":false,"_monsterinsights_sitenote_note":"","_monsterinsights_sitenote_category":0,"footnotes":""},"categories":[1],"tags":[],"_links":{"self":[{"href":"https:\/\/zonalimitrofe-cbnr.com\/index.php\/wp-json\/wp\/v2\/posts\/26879"}],"collection":[{"href":"https:\/\/zonalimitrofe-cbnr.com\/index.php\/wp-json\/wp\/v2\/posts"}],"about":[{"href":"https:\/\/zonalimitrofe-cbnr.com\/index.php\/wp-json\/wp\/v2\/types\/post"}],"author":[{"embeddable":true,"href":"https:\/\/zonalimitrofe-cbnr.com\/index.php\/wp-json\/wp\/v2\/users\/1"}],"replies":[{"embeddable":true,"href":"https:\/\/zonalimitrofe-cbnr.com\/index.php\/wp-json\/wp\/v2\/comments?post=26879"}],"version-history":[{"count":1,"href":"https:\/\/zonalimitrofe-cbnr.com\/index.php\/wp-json\/wp\/v2\/posts\/26879\/revisions"}],"predecessor-version":[{"id":26881,"href":"https:\/\/zonalimitrofe-cbnr.com\/index.php\/wp-json\/wp\/v2\/posts\/26879\/revisions\/26881"}],"wp:featuredmedia":[{"embeddable":true,"href":"https:\/\/zonalimitrofe-cbnr.com\/index.php\/wp-json\/wp\/v2\/media\/26880"}],"wp:attachment":[{"href":"https:\/\/zonalimitrofe-cbnr.com\/index.php\/wp-json\/wp\/v2\/media?parent=26879"}],"wp:term":[{"taxonomy":"category","embeddable":true,"href":"https:\/\/zonalimitrofe-cbnr.com\/index.php\/wp-json\/wp\/v2\/categories?post=26879"},{"taxonomy":"post_tag","embeddable":true,"href":"https:\/\/zonalimitrofe-cbnr.com\/index.php\/wp-json\/wp\/v2\/tags?post=26879"}],"curies":[{"name":"wp","href":"https:\/\/api.w.org\/{rel}","templated":true}]}}