{"id":26864,"date":"2025-11-05T13:32:08","date_gmt":"2025-11-05T19:32:08","guid":{"rendered":"https:\/\/zonalimitrofe-cbnr.com\/?p=26864"},"modified":"2025-11-05T13:32:08","modified_gmt":"2025-11-05T19:32:08","slug":"uadec-invita-uadec-a-la-semana-cultural-santa-cecilia-2025","status":"publish","type":"post","link":"https:\/\/zonalimitrofe-cbnr.com\/index.php\/2025\/11\/05\/uadec-invita-uadec-a-la-semana-cultural-santa-cecilia-2025\/","title":{"rendered":"#UAdeC. Invita UAdeC a la Semana Cultural Santa Cecilia 2025"},"content":{"rendered":"\n<p>SALTILLO, Coahuila. 5 de noviembre de 2025. La Universidad Aut\u00f3noma de Coahuila a trav\u00e9s de la Escuela Superior de M\u00fasica (ESMUADEC), invita a la Semana Cultural Santa Cecilia 2025, que se llevar\u00e1 a cabo del 10 al 14 de noviembre de 2025 en las instalaciones del plantel en Ciudad Universitaria Campus Arteaga, en el Centro Cultural Vito Alessio Robles, el Teatro de la Ciudad Fernando Soler y en el Centro Cultural Radio Concierto.<\/p>\n\n\n\n<p>En rueda de prensa dieron a conocer los detalles del evento que es gratuito y abierto al p\u00fablico en general, el director de la Escuela Superior de M\u00fasica, Juan Antonio Espiricueta, el director del Centro Cultural Vito Alessio Robles, Pedro Moreno Salazar, la directora del Centro Cultural Radio Concierto, Luz Mar\u00eda Fuentes, el maestro decano de la Escuela Superior de M\u00fasica, Alberto Gonz\u00e1lez y el promotor cultural y responsable de la log\u00edstica del evento, Julio C\u00e1rdenas Mart\u00ednez.<\/p>\n\n\n\n<p>Se\u00f1alaron que, las actividades iniciar\u00e1n el d\u00eda 10 de noviembre a las 9:00 horas con la inauguraci\u00f3n en el auditorio de la ESMUADEC, a las 9:15 se tendr\u00e1 la ponencia \u201cDel aprendizaje musical hacia una interpretaci\u00f3n m\u00e1s estable\u201d, a cargo del Cuerpo Acad\u00e9mico Divulgaci\u00f3n Cient\u00edfica de la M\u00fasica y de 10:30 a 13:00 horas, se llevar\u00e1 a cabo el Taller \u201cLa magia de ense\u00f1ar m\u00fasica, estrategias did\u00e1cticas para ni\u00f1os de 3 a 12 a\u00f1os\u201d, por la Lic. Margarita Guti\u00e9rrez en el Estudio de Grabaci\u00f3n de la Escuela Superior de M\u00fasica.<\/p>\n\n\n\n<p>A las 16:00 horas se tendr\u00e1 el Recital de Viol\u00edn por alumnos de la Mtra. Gabriela Aldana en el Centro Cultural Vito Alessio Robles y a las19:00 horas la presentaci\u00f3n del libro \u201cM\u00fasica lit\u00fargica, iglesia y sociedad en la Nueva Espa\u00f1a\u201d, en el Centro Cultural Vito Alessio Robles.<\/p>\n\n\n\n<p>El martes 11, a las 9:00 horas se desarrollar\u00e1 la ponencia \u201cClaves para tener \u00e9xito en la clase de m\u00fasica\u201d, a cargo del Cuerpo Acad\u00e9mico Divulgaci\u00f3n Cient\u00edfica de la M\u00fasica; de 10:30 a 13:00 el Taller \u201cLa magia de ense\u00f1ar m\u00fasica, estrategias did\u00e1cticas para ni\u00f1os de 3 a 12 a\u00f1os; de 10:30 a 13:00 el Taller \u201cCreatividad Sonora\u201d, por el Lic. Carlos Gonz\u00e1lez en la biblioteca de la Escuela Superior de M\u00fasica y a las 19:00 horas el Concierto de Inefable D\u00fao en el Centro Cultural Vito Alessio Robles.<\/p>\n\n\n\n<p>Por otro lado, el mi\u00e9rcoles 12 a las 9:00 horas se llevar\u00e1 a cabo la ponencia online \u201cEconomusicopedagog\u00eda, primeros resultados del proyecto PIE25-1\u201d, por el cuerpo acad\u00e9mico \u201cEducaci\u00f3n y conocimiento de la m\u00fasica\u201d, en el auditorio de la Escuela Superior de M\u00fasica; de 10:00 a 13:00 el taller de \u201cM\u00fasica en colores de Estela Cabezas\u201d, por el Mtro. Roberto Morales en el Sal\u00f3n Uno de la Escuela Superior de M\u00fasica.<\/p>\n\n\n\n<p>De 10:00 a 13:00 horas el Curso Intensivo \u201cCanto para teatro\u201d, a cargo del Lic. Andr\u00e9s Hern\u00e1ndez Ontiveros en el Sal\u00f3n de Canto de la Escuela Superior de M\u00fasica y a las<\/p>\n\n\n\n<p>19:00 horas el Concierto de lo Cl\u00e1sico a lo Popular, Celebrando el D\u00eda del M\u00fasico en el Teatro de la Ciudad Fernando Soler.<\/p>\n\n\n\n<p>Mientras que, el jueves 13 a las 9:00 horas se tendr\u00e1 la ponencia \u201cMonetiza con tu proyecto: copyright, regal\u00edas y plataformas de streaming en la industria musical\u201d, por el alumno Omar Eduardo Medina Ortiz en el auditorio de la Escuela Superior de M\u00fasica; de 10:30 a 13:00 el Taller \u201cCreatividad Sonora\u201d y de 10:00 a 13:00 horas el Curso Intensivo \u201cCanto para teatro.<\/p>\n\n\n\n<p>A las 13:00 horas el Concierto M\u00fasica, Paisaje Sonoro, por los participantes del Taller de Creatividad Sonora en el Sal\u00f3n Milenio de la Facultad de Artes Pl\u00e1sticas y a las 19:00 horas el Concierto di\u00e1logo entre instrumentos voz, piano, viol\u00edn y guitarra a cargo de maestros del cuerpo acad\u00e9mico Interpretaci\u00f3n, creaci\u00f3n y gesti\u00f3n en el Centro Cultural Vito Alessio Robles.<\/p>\n\n\n\n<p>Para finalizar, el viernes 14 de noviembre a las 10:00 horas, se tendr\u00e1 la ponencia \u201cAl son de una profesionalizaci\u00f3n de las artes\u201d, por el Mtro. Jos\u00e9 Luis Rodr\u00edguez, en el Auditorio de la Escuela Superior de M\u00fasica; de 10:00 a 13:00 horas, \u201cEstrategias docentes y estimulaci\u00f3n cognitiva en la ense\u00f1anza musical\u201d, en el Sal\u00f3n Uno de la Escuela Superior de M\u00fasica.<\/p>\n\n\n\n<p>A las 11:00 horas \u201cSonido en corto\u201d, la m\u00fasica entra a cuadro con cortometrajes musicalizados por alumnos de composici\u00f3n del Mtro. Joaqu\u00edn Picasso en el Auditorio de la Escuela Superior de M\u00fasica; 16:00 horas la clausura y recital de alumnos de canto en el Centro Cultural Vito Alessio Robles y a las 19:00 horas el Concierto M\u00fasica del siglo XX y XXI por el cuerpo acad\u00e9mico de Investigaci\u00f3n y creaci\u00f3n musical en la Sala Carmen Aguirre de Fuentes de Radio Concierto.<\/p>\n\n\n\n<p>Para m\u00e1s informaci\u00f3n, visitar la p\u00e1gina de Facebook Escuela Superior De M\u00fasica UAdeC o llamar al tel\u00e9fono (844) 689 10 93.<\/p>\n","protected":false},"excerpt":{"rendered":"<p>SALTILLO, Coahuila. 5 de noviembre de 2025. La Universidad Aut\u00f3noma de Coahuila a trav\u00e9s de la Escuela Superior de M\u00fasica (ESMUADEC), invita a la Semana Cultural Santa Cecilia 2025, que se llevar\u00e1 a cabo del 10 al 14 de noviembre de 2025 en las instalaciones del plantel en Ciudad Universitaria Campus Arteaga, en el Centro [&hellip;]<\/p>\n","protected":false},"author":1,"featured_media":26865,"comment_status":"open","ping_status":"open","sticky":false,"template":"","format":"standard","meta":{"_monsterinsights_skip_tracking":false,"_monsterinsights_sitenote_active":false,"_monsterinsights_sitenote_note":"","_monsterinsights_sitenote_category":0,"footnotes":""},"categories":[1],"tags":[],"_links":{"self":[{"href":"https:\/\/zonalimitrofe-cbnr.com\/index.php\/wp-json\/wp\/v2\/posts\/26864"}],"collection":[{"href":"https:\/\/zonalimitrofe-cbnr.com\/index.php\/wp-json\/wp\/v2\/posts"}],"about":[{"href":"https:\/\/zonalimitrofe-cbnr.com\/index.php\/wp-json\/wp\/v2\/types\/post"}],"author":[{"embeddable":true,"href":"https:\/\/zonalimitrofe-cbnr.com\/index.php\/wp-json\/wp\/v2\/users\/1"}],"replies":[{"embeddable":true,"href":"https:\/\/zonalimitrofe-cbnr.com\/index.php\/wp-json\/wp\/v2\/comments?post=26864"}],"version-history":[{"count":1,"href":"https:\/\/zonalimitrofe-cbnr.com\/index.php\/wp-json\/wp\/v2\/posts\/26864\/revisions"}],"predecessor-version":[{"id":26866,"href":"https:\/\/zonalimitrofe-cbnr.com\/index.php\/wp-json\/wp\/v2\/posts\/26864\/revisions\/26866"}],"wp:featuredmedia":[{"embeddable":true,"href":"https:\/\/zonalimitrofe-cbnr.com\/index.php\/wp-json\/wp\/v2\/media\/26865"}],"wp:attachment":[{"href":"https:\/\/zonalimitrofe-cbnr.com\/index.php\/wp-json\/wp\/v2\/media?parent=26864"}],"wp:term":[{"taxonomy":"category","embeddable":true,"href":"https:\/\/zonalimitrofe-cbnr.com\/index.php\/wp-json\/wp\/v2\/categories?post=26864"},{"taxonomy":"post_tag","embeddable":true,"href":"https:\/\/zonalimitrofe-cbnr.com\/index.php\/wp-json\/wp\/v2\/tags?post=26864"}],"curies":[{"name":"wp","href":"https:\/\/api.w.org\/{rel}","templated":true}]}}