{"id":26861,"date":"2025-11-05T13:28:58","date_gmt":"2025-11-05T19:28:58","guid":{"rendered":"https:\/\/zonalimitrofe-cbnr.com\/?p=26861"},"modified":"2025-11-05T13:28:58","modified_gmt":"2025-11-05T19:28:58","slug":"durango-el-gobernador-esteban-villegas-inaugura-el-ii-congreso-internacional-de-educacion-y-consolida-a-durango-como-referente-nacional-en-innovacion-educativa","status":"publish","type":"post","link":"https:\/\/zonalimitrofe-cbnr.com\/index.php\/2025\/11\/05\/durango-el-gobernador-esteban-villegas-inaugura-el-ii-congreso-internacional-de-educacion-y-consolida-a-durango-como-referente-nacional-en-innovacion-educativa\/","title":{"rendered":"#Durango. El gobernador Esteban Villegas inaugura el II Congreso Internacional de Educaci\u00f3n y consolida a Durango como referente nacional en innovaci\u00f3n educativa*"},"content":{"rendered":"\n<p>* _El encuentro re\u00fane a expertos, docentes y acad\u00e9micos para analizar los nuevos retos de la educaci\u00f3n integral y equitativa._<\/p>\n\n\n\n<p>* _El gobernador destac\u00f3 avances como la plataforma CURA, las aulas digitales y la entrega gratuita de uniformes y \u00fatiles escolares._<\/p>\n\n\n\n<p>Durango avanza hacia una educaci\u00f3n m\u00e1s integral, incluyente e innovadora, as\u00ed lo asegur\u00f3 el gobernador Esteban Villegas Villarreal al inaugurar el II Congreso Internacional de Educaci\u00f3n, un espacio que re\u00fane a especialistas nacionales e internacionales para reflexionar sobre inclusi\u00f3n, equidad, salud educativa, liderazgo docente y los nuevos entornos de aprendizaje en el marco de la Nueva Escuela Mexicana.<\/p>\n\n\n\n<p>Acompa\u00f1ado por el presidente municipal To\u00f1o Ochoa; el secretario de Educaci\u00f3n, Guillermo Adame Calder\u00f3n; y el subsecretario de Servicios Educativos, Rolando Cruz Garc\u00eda, Villegas Villarreal afirm\u00f3 que su administraci\u00f3n ha sentado las bases de un sistema educativo de vanguardia, con acciones que fortalecen la formaci\u00f3n de ni\u00f1as, ni\u00f1os y j\u00f3venes, como la entrega gratuita de uniformes y \u00fatiles escolares, la revalorizaci\u00f3n del magisterio y el uso de tecnolog\u00eda propia a trav\u00e9s de la plataforma digital CURA, creada en Durango para facilitar el seguimiento acad\u00e9mico y la atenci\u00f3n emocional del alumnado.<\/p>\n\n\n\n<p>Este II Congreso Internacional de Educaci\u00f3n tiene el objetivo de generar un an\u00e1lisis plural a trav\u00e9s de paneles, conferencias magistrales, talleres y presentaciones sobre temas relevantes. Participan los influencers Rafa Carvajal, Daniel Carre\u00f3n, Nico Sastr\u00e9, Trish Luna y Manuel Meza, quienes en conjunto re\u00fanen a m\u00e1s de 11 millones de seguidores en redes sociales, adem\u00e1s de conferencistas de gran trayectoria y experiencia que aportan a la construcci\u00f3n de una mejor educaci\u00f3n en Durango, apunt\u00f3 el mandatario estatal.<\/p>\n\n\n\n<p>El alcalde To\u00f1o Ochoa coment\u00f3 que la educaci\u00f3n es el pilar fundamental del desarrollo del estado. \u201cEl gobernador impulsa espacios que reflejan lo mejor de Durango, donde se re\u00fanen maestros, directivos y especialistas que transforman la educaci\u00f3n. Celebro que el gobierno promueva este congreso, para que cada espacio p\u00fablico, deportivo o cultural sea una oportunidad para ni\u00f1os y j\u00f3venes\u201d, expres\u00f3.<\/p>\n\n\n\n<p>Por su parte, Mar\u00eda del Consuelo Taviz\u00f3n G\u00f3mez, supervisora de Nivel B\u00e1sico Superior Federal, agradeci\u00f3 al gobernador su compromiso con la educaci\u00f3n de las y los duranguenses, y reconoci\u00f3 su liderazgo y visi\u00f3n de gobierno. Destac\u00f3 que Durango cuenta con un programa estatal coherente que garantiza una educaci\u00f3n de excelencia, equitativa e inclusiva, con \u00e9nfasis en la mejora de los aprendizajes. Subray\u00f3 tambi\u00e9n que el Gobierno del Estado ha entregado uniformes, \u00fatiles y libros de texto gratuitos, adem\u00e1s de impulsar la instalaci\u00f3n de aulas interactivas digitales que transforman la ense\u00f1anza. Gracias a la presidenta del DIF Estatal, Marisol Rosso, se ha logrado que los alumnos cuenten con desayunos calientes, mejorando as\u00ed la alimentaci\u00f3n de las ni\u00f1as y ni\u00f1os.<\/p>\n\n\n\n<p>De igual forma, Rolando Cruz, se\u00f1al\u00f3 que con este congreso se da cumplimiento a una de las l\u00edneas estrat\u00e9gicas del programa educativo estatal, orientado a elevar la calidad de los servicios educativos. Indic\u00f3 que se cuenta con conferencistas de gran nivel, tanto nacionales como internacionales.<\/p>\n\n\n\n<p>Durante este evento se llevar\u00e1n a cabo conferencias magistrales como \u201cLeer para comprender\u201d, \u201cEl cerebro docente\u201d, \u201cLa apropiaci\u00f3n tecnol\u00f3gica en el entorno educativo desde el pensamiento sist\u00e9mico\u2013complejo\u201d, \u201cAcoso y violencia escolar\u201d, \u201cLa significaci\u00f3n de las tecnolog\u00edas digitales en la sociedad del conocimiento y sus repercusiones en la educaci\u00f3n\u201d, as\u00ed como el panel \u201cAula Viral\u201d, adem\u00e1s de talleres y paneles con temas de inter\u00e9s educativo.<\/p>\n","protected":false},"excerpt":{"rendered":"<p>* _El encuentro re\u00fane a expertos, docentes y acad\u00e9micos para analizar los nuevos retos de la educaci\u00f3n integral y equitativa._ * _El gobernador destac\u00f3 avances como la plataforma CURA, las aulas digitales y la entrega gratuita de uniformes y \u00fatiles escolares._ Durango avanza hacia una educaci\u00f3n m\u00e1s integral, incluyente e innovadora, as\u00ed lo asegur\u00f3 el [&hellip;]<\/p>\n","protected":false},"author":1,"featured_media":26862,"comment_status":"open","ping_status":"open","sticky":false,"template":"","format":"standard","meta":{"_monsterinsights_skip_tracking":false,"_monsterinsights_sitenote_active":false,"_monsterinsights_sitenote_note":"","_monsterinsights_sitenote_category":0,"footnotes":""},"categories":[1],"tags":[],"_links":{"self":[{"href":"https:\/\/zonalimitrofe-cbnr.com\/index.php\/wp-json\/wp\/v2\/posts\/26861"}],"collection":[{"href":"https:\/\/zonalimitrofe-cbnr.com\/index.php\/wp-json\/wp\/v2\/posts"}],"about":[{"href":"https:\/\/zonalimitrofe-cbnr.com\/index.php\/wp-json\/wp\/v2\/types\/post"}],"author":[{"embeddable":true,"href":"https:\/\/zonalimitrofe-cbnr.com\/index.php\/wp-json\/wp\/v2\/users\/1"}],"replies":[{"embeddable":true,"href":"https:\/\/zonalimitrofe-cbnr.com\/index.php\/wp-json\/wp\/v2\/comments?post=26861"}],"version-history":[{"count":1,"href":"https:\/\/zonalimitrofe-cbnr.com\/index.php\/wp-json\/wp\/v2\/posts\/26861\/revisions"}],"predecessor-version":[{"id":26863,"href":"https:\/\/zonalimitrofe-cbnr.com\/index.php\/wp-json\/wp\/v2\/posts\/26861\/revisions\/26863"}],"wp:featuredmedia":[{"embeddable":true,"href":"https:\/\/zonalimitrofe-cbnr.com\/index.php\/wp-json\/wp\/v2\/media\/26862"}],"wp:attachment":[{"href":"https:\/\/zonalimitrofe-cbnr.com\/index.php\/wp-json\/wp\/v2\/media?parent=26861"}],"wp:term":[{"taxonomy":"category","embeddable":true,"href":"https:\/\/zonalimitrofe-cbnr.com\/index.php\/wp-json\/wp\/v2\/categories?post=26861"},{"taxonomy":"post_tag","embeddable":true,"href":"https:\/\/zonalimitrofe-cbnr.com\/index.php\/wp-json\/wp\/v2\/tags?post=26861"}],"curies":[{"name":"wp","href":"https:\/\/api.w.org\/{rel}","templated":true}]}}