{"id":26849,"date":"2025-11-05T11:55:23","date_gmt":"2025-11-05T17:55:23","guid":{"rendered":"https:\/\/zonalimitrofe-cbnr.com\/?p=26849"},"modified":"2025-11-05T11:55:24","modified_gmt":"2025-11-05T17:55:24","slug":"lerdo-unico-municipio-en-el-estado-con-coordinacion-para-atender-resolutivos-de-genero","status":"publish","type":"post","link":"https:\/\/zonalimitrofe-cbnr.com\/index.php\/2025\/11\/05\/lerdo-unico-municipio-en-el-estado-con-coordinacion-para-atender-resolutivos-de-genero\/","title":{"rendered":"#LERDO, \u00daNICO MUNICIPIO EN EL ESTADO CON COORDINACI\u00d3N PARA ATENDER RESOLUTIVOS DE G\u00c9NERO*"},"content":{"rendered":"\n<p>Lerdo, 05 de noviembre 2025.- El martes pasado se conform\u00f3 y se llev\u00f3 a cabo la primera reuni\u00f3n del Consejo Municipal del Instituto Municipal de la Mujer (IMM), para Prevenir, Atender, Sancionar y Erradicar la Violencia hacia la Mujer, donde la Presidenta Susy Carolina Torrecillas Salazar tom\u00f3 protesta a los nuevos integrantes del comit\u00e9.<\/p>\n\n\n\n<p>El encuentro tuvo lugar en el Sal\u00f3n Azul con el objetivo de fortalecer las acciones de prevenci\u00f3n y atenci\u00f3n de la violencia de g\u00e9nero en el municipio.<\/p>\n\n\n\n<p>Durante el cuarto punto del orden del d\u00eda, la Presidenta Municipal encabez\u00f3 la toma de protesta de los nuevos miembros del consejo: la s\u00edndica municipal Esmirna Guti\u00e9rrez, el secretario del Ayuntamiento Aldo Rubio, las regidoras Mar\u00eda Idalia del Socorro Espinoza, Valeria Lizeth Klein Carrillo y Loruhama Rivera G\u00f3mez; el secretario t\u00e9cnico del Ayuntamiento Juan Jos\u00e9 Carrillo Aldaba; la directora general del DIF Rita Irasema Loza; la directora de Desarrollo Social Alejandra Escobedo R\u00edos; el director de Seguridad P\u00fablica Jos\u00e9 Luis Olivares Guzm\u00e1n; el director de Prevenci\u00f3n del Delito y Proximidad Tadeo Toledo Herrera; la coordinadora del Centro de Justicia para Mujeres; la segunda visitadora de la CEDH Sara de los Santos Llamas; as\u00ed como representantes de asociaciones civiles, Luc\u00eda Barbalena Vel\u00e1zquez (Casa \u201cDios es Clemente y Misericordioso\u201d) y Alejandra Ceniceros Ch\u00e1vez (Casa de Restauraci\u00f3n ARCA A.C.).<\/p>\n\n\n\n<p>Los integrantes del consejo se comprometieron a mantener una vigilancia constante y promover acciones que garanticen la seguridad y el bienestar de las mujeres lerdenses.<\/p>\n\n\n\n<p>En su mensaje, la Presidenta Municipal, Susy Torrecillas destac\u00f3 la importancia del consejo y exhort\u00f3 a sus miembros a trabajar unidos por la defensa de los derechos de las mujeres: \u201cNuestro compromiso es claro: trabajar incansablemente para erradicar todas las formas de violencia. Esta problem\u00e1tica representa una grave amenaza para la sociedad, por lo que es indispensable enfrentarla con acciones concretas\u201d.<\/p>\n\n\n\n<p>Asimismo, expres\u00f3 su plena confianza en los integrantes del consejo, quienes ser\u00e1n garantes del respeto a los Derechos Humanos de las mujeres, impulsando estrategias eficientes de prevenci\u00f3n y atenci\u00f3n.<\/p>\n\n\n\n<p>Clara Mayra Zepeda, titular del Instituto de la Mujer, expres\u00f3 que, en tan solo dos meses de administraci\u00f3n, Lerdo se ha posicionado como el \u00fanico municipio del estado que cuenta con la Coordinaci\u00f3n para Atender los Resolutivos de Alerta de G\u00e9nero.<\/p>\n\n\n\n<p>Adem\u00e1s, se cre\u00f3 la Unidad M\u00f3vil de Atenci\u00f3n a la Violencia de G\u00e9nero, la cual brinda acompa\u00f1amiento psicol\u00f3gico, jur\u00eddico y social cada mi\u00e9rcoles en distintas colonias y comunidades, de acuerdo con el mapa de calor de incidencia de violencia.<\/p>\n","protected":false},"excerpt":{"rendered":"<p>Lerdo, 05 de noviembre 2025.- El martes pasado se conform\u00f3 y se llev\u00f3 a cabo la primera reuni\u00f3n del Consejo Municipal del Instituto Municipal de la Mujer (IMM), para Prevenir, Atender, Sancionar y Erradicar la Violencia hacia la Mujer, donde la Presidenta Susy Carolina Torrecillas Salazar tom\u00f3 protesta a los nuevos integrantes del comit\u00e9. El [&hellip;]<\/p>\n","protected":false},"author":1,"featured_media":26850,"comment_status":"open","ping_status":"open","sticky":false,"template":"","format":"standard","meta":{"_monsterinsights_skip_tracking":false,"_monsterinsights_sitenote_active":false,"_monsterinsights_sitenote_note":"","_monsterinsights_sitenote_category":0,"footnotes":""},"categories":[1],"tags":[],"_links":{"self":[{"href":"https:\/\/zonalimitrofe-cbnr.com\/index.php\/wp-json\/wp\/v2\/posts\/26849"}],"collection":[{"href":"https:\/\/zonalimitrofe-cbnr.com\/index.php\/wp-json\/wp\/v2\/posts"}],"about":[{"href":"https:\/\/zonalimitrofe-cbnr.com\/index.php\/wp-json\/wp\/v2\/types\/post"}],"author":[{"embeddable":true,"href":"https:\/\/zonalimitrofe-cbnr.com\/index.php\/wp-json\/wp\/v2\/users\/1"}],"replies":[{"embeddable":true,"href":"https:\/\/zonalimitrofe-cbnr.com\/index.php\/wp-json\/wp\/v2\/comments?post=26849"}],"version-history":[{"count":1,"href":"https:\/\/zonalimitrofe-cbnr.com\/index.php\/wp-json\/wp\/v2\/posts\/26849\/revisions"}],"predecessor-version":[{"id":26851,"href":"https:\/\/zonalimitrofe-cbnr.com\/index.php\/wp-json\/wp\/v2\/posts\/26849\/revisions\/26851"}],"wp:featuredmedia":[{"embeddable":true,"href":"https:\/\/zonalimitrofe-cbnr.com\/index.php\/wp-json\/wp\/v2\/media\/26850"}],"wp:attachment":[{"href":"https:\/\/zonalimitrofe-cbnr.com\/index.php\/wp-json\/wp\/v2\/media?parent=26849"}],"wp:term":[{"taxonomy":"category","embeddable":true,"href":"https:\/\/zonalimitrofe-cbnr.com\/index.php\/wp-json\/wp\/v2\/categories?post=26849"},{"taxonomy":"post_tag","embeddable":true,"href":"https:\/\/zonalimitrofe-cbnr.com\/index.php\/wp-json\/wp\/v2\/tags?post=26849"}],"curies":[{"name":"wp","href":"https:\/\/api.w.org\/{rel}","templated":true}]}}