{"id":26846,"date":"2025-11-05T11:51:03","date_gmt":"2025-11-05T17:51:03","guid":{"rendered":"https:\/\/zonalimitrofe-cbnr.com\/?p=26846"},"modified":"2025-11-05T11:51:03","modified_gmt":"2025-11-05T17:51:03","slug":"torreon-roman-alberto-cepeda-gonzalez-reitera-su-compromiso-con-la-seguridad-y-tranquilidad-de-los-torreonenses","status":"publish","type":"post","link":"https:\/\/zonalimitrofe-cbnr.com\/index.php\/2025\/11\/05\/torreon-roman-alberto-cepeda-gonzalez-reitera-su-compromiso-con-la-seguridad-y-tranquilidad-de-los-torreonenses\/","title":{"rendered":"#Torre\u00f3n. Rom\u00e1n Alberto Cepeda Gonz\u00e1lez reitera su compromiso con la seguridad y tranquilidad de los torreonenses"},"content":{"rendered":"\n<p>Torre\u00f3n, Coahuila. A 5 de noviembre de 2025.<\/p>\n\n\n\n<p>Durante la cuadrag\u00e9sima primera reuni\u00f3n semanal de seguridad, el alcalde Rom\u00e1n Alberto Cepeda Gonz\u00e1lez reafirm\u00f3 su compromiso con la tranquilidad y bienestar de las familias torreonenses, redoblando esfuerzos conjuntos con el Gobierno del Estado, rumbo a eventos, actividades y festividades propias del cierre de a\u00f1o.<\/p>\n\n\n\n<p>El Presidente Municipal instruy\u00f3 al fortalecimiento de las estrategias de seguridad y orden para atender el aumento en la movilidad que habr\u00e1 en la ciudad por las peregrinaciones, Buen Fin, eventos deportivos y el informe del gobernador Manolo Jim\u00e9nez Salinas, el cual se llevar\u00e1 a cabo en Torre\u00f3n.<\/p>\n\n\n\n<p>Reiter\u00f3 que la seguridad es el eje n\u00famero uno de su Gobierno, y que se ha demostrado con inversiones hist\u00f3ricas en equipamiento, capacitaci\u00f3n y tecnolog\u00eda, as\u00ed como con la coordinaci\u00f3n con todas las corporaciones para mantener la paz social en Torre\u00f3n.<\/p>\n\n\n\n<p>El alcalde Rom\u00e1n Alberto Cepeda Gonz\u00e1lez hizo un recorrido por el \u00e1rea de inteligencia y el Centro de Control y Comando (C2) de la Polic\u00eda Municipal.<\/p>\n\n\n\n<p>Referente al \u00edndice semanal de incidencia delictiva, el comisario Alfredo Flores Originales, director de la Polic\u00eda de Torre\u00f3n, inform\u00f3 que del 27 de octubre al 2 de noviembre, disminuy\u00f3 el \u00edndice delictivo en el rubro de robo a casa-habitaci\u00f3n, con siete eventos; robo a local comercial, con ocho eventos; robo a local comercial con violencia, con dos eventos; as\u00ed como en robo a transporte p\u00fablico individual, con cero eventos.<\/p>\n\n\n\n<p>La Polic\u00eda Municipal efectu\u00f3 134 detenciones que fueron remitidas al Ministerio P\u00fablico y 85 al Juez Calificador.<\/p>\n\n\n\n<p>El Grupo de Reacci\u00f3n Torre\u00f3n realiz\u00f3 17 detenciones relacionadas con la posesi\u00f3n de narc\u00f3ticos.<\/p>\n\n\n\n<p>Adem\u00e1s, el Comisario explic\u00f3 el programa \u201cApl\u00edcate\u201d enfocado a j\u00f3venes, donde se tratan temas como drogadicci\u00f3n, violencia, prevenci\u00f3n del suicidio, autoestima, entre otros. Es impartido todos los martes en las instalaciones del Polideportivo de manera p\u00fablica y gratuita.<\/p>\n\n\n\n<p>Martha Esther Rodr\u00edguez Romero, directora general del Centro de Justicia Municipal (CJM), destac\u00f3 que siguen impulsando el programa de Preparatoria Abierta, esfuerzo coordinado que fomenta las segundas oportunidades a trav\u00e9s de la educaci\u00f3n. Est\u00e1 dirigido para detenidos y ciudadan\u00eda en general.<\/p>\n\n\n\n<p>Tambi\u00e9n inform\u00f3 que el comandante de Peritos del CJM, Humberto Palacios, recibi\u00f3 a representantes del Centro de Control, Comando, Comunicaci\u00f3n y C\u00f3mputo (C4), quienes conocieron las \u00e1reas habilitadas y los servicios de peritaje, orientaci\u00f3n y atenci\u00f3n, reforzando as\u00ed la colaboraci\u00f3n para la seguridad y justicia de la ciudad.<\/p>\n\n\n\n<p>Por su parte, Martha Alicia Faz D\u00e1vila, directora de Tr\u00e1nsito y Vialidad, inform\u00f3 que sigue reforz\u00e1ndose el programa Cero Tolerancia con mayor difusi\u00f3n, reiterando que el prop\u00f3sito principal es evitar accidentes.<\/p>\n\n\n\n<p>De igual forma, dio detalles sobre la visita de agentes de Vialidad a la empresa \u201cToyota TV Sewtewch de M\u00e9xico\u201d en el Parque Industrial Lajat y a la empresa \u201cTraper Trasporte de personal\u201d en el ejido Mi Ranchito, para impartir pl\u00e1ticas de Seguridad Vial en beneficio de 195 empleados.<\/p>\n\n\n\n<p>Luis Alberto Morales Cort\u00e9s, director general de Movilidad Urbana, destac\u00f3 que el m\u00f3dulo de esta dependencia dentro del Paseo Col\u00f3n, cont\u00f3 con el apoyo de becarios de la Direcci\u00f3n de la Juventud, para fomentar entre los m\u00e1s peque\u00f1os del hogar el uso de la bicicleta, y darles a conocer las principales normas de la Educaci\u00f3n Vial.<\/p>\n\n\n\n<p>Tambi\u00e9n inform\u00f3 sobre las reuniones de evaluaci\u00f3n y mejora que lleva a cabo la Direcci\u00f3n de Transporte Municipal con concesionarios de las modalidades de autob\u00fas y materialistas.<\/p>\n\n\n\n<p>Jorge Luis Ju\u00e1rez Llanas, director de Protecci\u00f3n Civil y Bomberos, dijo que esta semana se atendieron 198 servicios por parte de las diferentes estaciones de la corporaci\u00f3n.<\/p>\n\n\n\n<p>El director mencion\u00f3 que contin\u00faan los operativos en establecimientos con manejo de pinturas y solventes. Tambi\u00e9n dijo que se llev\u00f3 a cabo una reuni\u00f3n de coordinaci\u00f3n con los locatarios del Mercadito Navide\u00f1o para reafirmar las medidas de seguridad que se deben cumplir; la inspecci\u00f3n ser\u00e1 peri\u00f3dica durante su permanencia.<\/p>\n\n\n\n<p>El director de Inspecci\u00f3n y Verificaci\u00f3n, Pablo Fern\u00e1ndez Lamas, se\u00f1al\u00f3 que los principales reportes que recibi\u00f3 la dependencia mediante el sistema 073, fueron por obstrucci\u00f3n en la v\u00eda p\u00fablica, con 15; y veh\u00edculos chatarra, con 12.<\/p>\n\n\n\n<p>Resalt\u00f3 entre las acciones permanentes, la labor de vigilancia en bares y antros del Paseo Morelos para detectar posibles casos de uso de identificaciones falsas.<\/p>\n","protected":false},"excerpt":{"rendered":"<p>Torre\u00f3n, Coahuila. A 5 de noviembre de 2025. Durante la cuadrag\u00e9sima primera reuni\u00f3n semanal de seguridad, el alcalde Rom\u00e1n Alberto Cepeda Gonz\u00e1lez reafirm\u00f3 su compromiso con la tranquilidad y bienestar de las familias torreonenses, redoblando esfuerzos conjuntos con el Gobierno del Estado, rumbo a eventos, actividades y festividades propias del cierre de a\u00f1o. El Presidente [&hellip;]<\/p>\n","protected":false},"author":1,"featured_media":26847,"comment_status":"open","ping_status":"open","sticky":false,"template":"","format":"standard","meta":{"_monsterinsights_skip_tracking":false,"_monsterinsights_sitenote_active":false,"_monsterinsights_sitenote_note":"","_monsterinsights_sitenote_category":0,"footnotes":""},"categories":[1],"tags":[],"_links":{"self":[{"href":"https:\/\/zonalimitrofe-cbnr.com\/index.php\/wp-json\/wp\/v2\/posts\/26846"}],"collection":[{"href":"https:\/\/zonalimitrofe-cbnr.com\/index.php\/wp-json\/wp\/v2\/posts"}],"about":[{"href":"https:\/\/zonalimitrofe-cbnr.com\/index.php\/wp-json\/wp\/v2\/types\/post"}],"author":[{"embeddable":true,"href":"https:\/\/zonalimitrofe-cbnr.com\/index.php\/wp-json\/wp\/v2\/users\/1"}],"replies":[{"embeddable":true,"href":"https:\/\/zonalimitrofe-cbnr.com\/index.php\/wp-json\/wp\/v2\/comments?post=26846"}],"version-history":[{"count":1,"href":"https:\/\/zonalimitrofe-cbnr.com\/index.php\/wp-json\/wp\/v2\/posts\/26846\/revisions"}],"predecessor-version":[{"id":26848,"href":"https:\/\/zonalimitrofe-cbnr.com\/index.php\/wp-json\/wp\/v2\/posts\/26846\/revisions\/26848"}],"wp:featuredmedia":[{"embeddable":true,"href":"https:\/\/zonalimitrofe-cbnr.com\/index.php\/wp-json\/wp\/v2\/media\/26847"}],"wp:attachment":[{"href":"https:\/\/zonalimitrofe-cbnr.com\/index.php\/wp-json\/wp\/v2\/media?parent=26846"}],"wp:term":[{"taxonomy":"category","embeddable":true,"href":"https:\/\/zonalimitrofe-cbnr.com\/index.php\/wp-json\/wp\/v2\/categories?post=26846"},{"taxonomy":"post_tag","embeddable":true,"href":"https:\/\/zonalimitrofe-cbnr.com\/index.php\/wp-json\/wp\/v2\/tags?post=26846"}],"curies":[{"name":"wp","href":"https:\/\/api.w.org\/{rel}","templated":true}]}}