{"id":26807,"date":"2025-11-04T19:39:16","date_gmt":"2025-11-05T01:39:16","guid":{"rendered":"https:\/\/zonalimitrofe-cbnr.com\/?p=26807"},"modified":"2025-11-04T19:39:16","modified_gmt":"2025-11-05T01:39:16","slug":"lerdo-sera-sede-del-segundo-torneo-nacional-de-charreria-2025","status":"publish","type":"post","link":"https:\/\/zonalimitrofe-cbnr.com\/index.php\/2025\/11\/04\/lerdo-sera-sede-del-segundo-torneo-nacional-de-charreria-2025\/","title":{"rendered":"#LERDO SER\u00c1 SEDE DEL SEGUNDO TORNEO NACIONAL DE CHARRER\u00cdA 2025*"},"content":{"rendered":"\n<p>Lerdo, 04 de noviembre 2025.- La Presidenta Municipal Susy Carolina Torrecillas Salazar, anunci\u00f3 que el Municipio de Lerdo, ser\u00e1 sede del segundo torneo nacional de charrer\u00eda 2025.<\/p>\n\n\n\n<p>La edil estuvo acompa\u00f1ada por Jacquelin Pinto, directora de Atenci\u00f3n a la Juventud, miembro del grupo de Escaramuzas del Lienzo Charro Leonardo Manuel, pertenecientes a la asociaci\u00f3n mexicana de charrer\u00eda; as\u00ed como Jos\u00e9 Mac\u00edas Flores, maestro de charrer\u00eda y ni\u00f1as y ni\u00f1os de la escuela de escaramuzas, Itzel Escobedo, Sara Ram\u00edrez, Regina Castillo, Mar\u00eda Jos\u00e9 Mac\u00edas y el peque\u00f1o charro Andr\u00e9s Mac\u00edas.<\/p>\n\n\n\n<p>Susy Torrecillas mencion\u00f3 que el Municipio de Lerdo est\u00e1 listo para albergar esta justa de tradici\u00f3n el pr\u00f3ximo 5, 6 y 7 de diciembre, en el Lienzo Carro Leonardo Manuel en la comunidad de Los \u00c1ngeles.<\/p>\n\n\n\n<p>\u201cHoy estamos aqu\u00ed en el Ejido Los \u00c1ngeles, donde los j\u00f3venes entrenan, y hoy queremos dar a conocer este torneo y las actividades que tiene Lerdo, y que no se ven. Tendremos a una gran cantidad de estados de la rep\u00fablica y eso para nosotros es un orgullo\u201d.<\/p>\n\n\n\n<p>Por su parte, la directora de Atenci\u00f3n a la Juventud, quien tambi\u00e9n se desempe\u00f1a como escaramuza, coment\u00f3 que, la comunidad de Charrer\u00eda en la regi\u00f3n lagunera se encuentra entusiasmada de albergar este torneo nacional, por primera vez, agradeciendo las facilidades a la Presidenta Municipal, en los preparativos para recibir a cientos de charros y escaramuzas.<\/p>\n","protected":false},"excerpt":{"rendered":"<p>Lerdo, 04 de noviembre 2025.- La Presidenta Municipal Susy Carolina Torrecillas Salazar, anunci\u00f3 que el Municipio de Lerdo, ser\u00e1 sede del segundo torneo nacional de charrer\u00eda 2025. La edil estuvo acompa\u00f1ada por Jacquelin Pinto, directora de Atenci\u00f3n a la Juventud, miembro del grupo de Escaramuzas del Lienzo Charro Leonardo Manuel, pertenecientes a la asociaci\u00f3n mexicana [&hellip;]<\/p>\n","protected":false},"author":1,"featured_media":26808,"comment_status":"open","ping_status":"open","sticky":false,"template":"","format":"standard","meta":{"_monsterinsights_skip_tracking":false,"_monsterinsights_sitenote_active":false,"_monsterinsights_sitenote_note":"","_monsterinsights_sitenote_category":0,"footnotes":""},"categories":[1],"tags":[],"_links":{"self":[{"href":"https:\/\/zonalimitrofe-cbnr.com\/index.php\/wp-json\/wp\/v2\/posts\/26807"}],"collection":[{"href":"https:\/\/zonalimitrofe-cbnr.com\/index.php\/wp-json\/wp\/v2\/posts"}],"about":[{"href":"https:\/\/zonalimitrofe-cbnr.com\/index.php\/wp-json\/wp\/v2\/types\/post"}],"author":[{"embeddable":true,"href":"https:\/\/zonalimitrofe-cbnr.com\/index.php\/wp-json\/wp\/v2\/users\/1"}],"replies":[{"embeddable":true,"href":"https:\/\/zonalimitrofe-cbnr.com\/index.php\/wp-json\/wp\/v2\/comments?post=26807"}],"version-history":[{"count":1,"href":"https:\/\/zonalimitrofe-cbnr.com\/index.php\/wp-json\/wp\/v2\/posts\/26807\/revisions"}],"predecessor-version":[{"id":26809,"href":"https:\/\/zonalimitrofe-cbnr.com\/index.php\/wp-json\/wp\/v2\/posts\/26807\/revisions\/26809"}],"wp:featuredmedia":[{"embeddable":true,"href":"https:\/\/zonalimitrofe-cbnr.com\/index.php\/wp-json\/wp\/v2\/media\/26808"}],"wp:attachment":[{"href":"https:\/\/zonalimitrofe-cbnr.com\/index.php\/wp-json\/wp\/v2\/media?parent=26807"}],"wp:term":[{"taxonomy":"category","embeddable":true,"href":"https:\/\/zonalimitrofe-cbnr.com\/index.php\/wp-json\/wp\/v2\/categories?post=26807"},{"taxonomy":"post_tag","embeddable":true,"href":"https:\/\/zonalimitrofe-cbnr.com\/index.php\/wp-json\/wp\/v2\/tags?post=26807"}],"curies":[{"name":"wp","href":"https:\/\/api.w.org\/{rel}","templated":true}]}}