{"id":26797,"date":"2025-11-04T11:01:21","date_gmt":"2025-11-04T17:01:21","guid":{"rendered":"https:\/\/zonalimitrofe-cbnr.com\/?p=26797"},"modified":"2025-11-04T11:01:21","modified_gmt":"2025-11-04T17:01:21","slug":"uadec-disfruta-de-las-actividades-culturales-que-ofrece-la-uadec-durante-el-mes-de-noviembre","status":"publish","type":"post","link":"https:\/\/zonalimitrofe-cbnr.com\/index.php\/2025\/11\/04\/uadec-disfruta-de-las-actividades-culturales-que-ofrece-la-uadec-durante-el-mes-de-noviembre\/","title":{"rendered":"#UAdeC. Disfruta de las Actividades Culturales que Ofrece la UAdeC Durante el Mes de Noviembre"},"content":{"rendered":"\n<p>SALTILLO, Coahuila. 3 de noviembre de 2025. La Universidad Aut\u00f3noma de Coahuila a trav\u00e9s de la Coordinaci\u00f3n General de Difusi\u00f3n y Patrimonio Cultural, invita a la comunidad universitaria de las Unidades Sureste, Laguna y Norte y al p\u00fablico en general a disfrutar de las actividades culturales programadas durante el mes de noviembre.<\/p>\n\n\n\n<p>El 5 de noviembre en la Unidad Norte se presentar\u00e1 la colecci\u00f3n breve de poes\u00eda \u201cLa Escalera de Jacob\u201d a las 12:00 horas en la Escuela de Bachilleres \u201cDr. y Gral. Jaime Lozano Benavides\u201d en el municipio de Allende; en la Unidad Sureste a las 19:00 horas se inaugurar\u00e1 la exposici\u00f3n \u201cDemente gr\u00e1fica\u201d de Doc. Ram\u00edrez en el Recinto Cultural Universitario \u201cAurora Morales de L\u00f3pez\u201d, al tiempo que se ofrecer\u00e1 el recital \u201cCon voz de mujer\u201d con el Coro Universitario Lobos UAdeC a en el Auditorio de la Facultad de Econom\u00eda.<\/p>\n\n\n\n<p>Adem\u00e1s, el 5, 12, 19 y 26 de noviembre se realizar\u00e1 el Taller de Lectura \u201cAullidos Literarios\u201d a las 12:00 horas en la Sala Audiovisual de la Escuela de Bachilleres \u201cLadislao Farias Campos\u201d de la Unidad Norte.<\/p>\n\n\n\n<p>El 6 de noviembre a las 10:00 horas el Taller de Pintura \u201cDel boceto a la obra\u201d en la Escuela de Bachilleres \u201cProf. Ladislao Far\u00edas Campos\u201d; tambi\u00e9n se presentar\u00e1 el libro \u201cVisitas al cementerio\u201d de Marino Gonz\u00e1lez a las 19:00 horas en el Recinto del Patrimonio Cultural Universitario y a las 18:30 horas se presentar\u00e1 la Tuna Femenil de la UAdeC en el Auditorio de la Facultad de Econom\u00eda.<\/p>\n\n\n\n<p>El 12 de noviembre a las 11:00 horas en la Unidad Laguna, iniciar\u00e1 el 12\u00b0 Festival Cultural CIESLAG con la participaci\u00f3n de Dulce Azucena Flores L\u00f3pez, alumna de la Facultad de Medicina en la Universidad Aut\u00f3noma Agraria Antonio Narro.<\/p>\n\n\n\n<p>Para el 13 de noviembre, continuar\u00e1n las actividades del Festival CIESLAG con talleres de Hip Hop y \u00c9tica para Lobos, presenta Sofia Hidalgo; adem\u00e1s a las 18:00 horas se realizar\u00e1 la Lectura de poes\u00eda \u201cEntre hilos y versos: Tributo a la mujer ind\u00edgena\u201d en el Lobby de la Infoteca Central, Unidad Norte.<\/p>\n\n\n\n<p>El 14 de noviembre, se realizar\u00e1 la \u201cMa\u00f1anita Mexicana\u201d a las 9:30 horas en el Instituto \u201cMtra. Mar\u00eda del Socorro Villarreal Dom\u00ednguez\u201d de la Unidad Norte; el 15 de noviembre a las 12:00 horas la Facultad de Enfermer\u00eda Unidad Laguna ser\u00e1 sede del Taller para Cuidadores; adem\u00e1s el Teatro Nazas albergar\u00e1 el VI Festival de Danza Folkl\u00f3rica \u201cBenito Mac\u00edas Garc\u00eda\u201d a partir de las 19:00 horas.<\/p>\n\n\n\n<p>Las actividades continuar\u00e1n el 18 de noviembre con la intervenci\u00f3n de estudiantes de la Escuela de Artes Esc\u00e9nicas en el Doceavo Festival Cultural CIESLAG, a las 18:30 horas en el Instituto de Educaci\u00f3n Media y Superior \u201cMar\u00eda Esther Zuno de Echeverr\u00eda\u201d.<\/p>\n\n\n\n<p>Para el 19 de noviembre a las 10:00 horas, la Unidad Camporredondo ser\u00e1 sede de la Jornada \u201cPerspectiva Universitaria 2025\u201d; el 20 de noviembre se llevar\u00e1 a cabo la puesta en escena \u201cCon la muerte en las pesta\u00f1as\u201d, dirigida por Jos\u00e9 Castillo a las 18:00 horas en el Recinto del Patrimonio Cultural Universitario y a las 19:00 horas la conferencia \u201cVidas de poetas mexicanos\u201d impartida por Pavel Granados en la Galer\u00eda de la Facultad de Ciencias Sociales.<\/p>\n\n\n\n<p>El 24 de noviembre a las 19:00 horas, en la Unidad Norte el grupo teatral \u201cLos Antagonistas\u201d de la FIME presentar\u00e1 la pastorela \u201cAmp\u00e1ranos de ti\u201d de Iv\u00e1n Fernando Guti\u00e9rrez Ibarra en el Teatro de C\u00e1mara \u201cC\u00e9sar Luna Lastra\u201d.<\/p>\n\n\n\n<p>El 25 de noviembre, el Grupo Matices Teatro ofrecer\u00e1 la obra \u201cLa fiesta Naviclown\u201d a las 19:00 horas en el Teatro de C\u00e1mara \u201cC\u00e9sar Luna Lastra\u201d; finalmente, el 26 de noviembre, se inaugurar\u00e1 la exposici\u00f3n \u201cAutismo inducido\u201d del artista Rolando Galindo a las 18:00 horas en el Recinto del Patrimonio Cultural Universitario.<\/p>\n\n\n\n<p>Para m\u00e1s informaci\u00f3n de todas estas actividades, llamar a los tel\u00e9fonos (844) 410 2362 y (844) 410 2482, en el Facebook \u201cDpc UAdeC\u201d, en el Instagram @dpcuadec, o en las instalaciones de la Coordinaci\u00f3n de Difusi\u00f3n y Patrimonio Cultural ubicadas en Edificio \u201cF\u201d de la Unidad Camporredondo.<\/p>\n\n\n\n<p>En la Unidad Norte al tel\u00e9fono (866) 649 60 30 en redes sociales www.facebook.com\/CUN.UADEC y en la Unidad Laguna al tel\u00e9fono (871) 729 32 01 y en redes sociales www.facebook.com\/UAdeCUL.<\/p>\n","protected":false},"excerpt":{"rendered":"<p>SALTILLO, Coahuila. 3 de noviembre de 2025. La Universidad Aut\u00f3noma de Coahuila a trav\u00e9s de la Coordinaci\u00f3n General de Difusi\u00f3n y Patrimonio Cultural, invita a la comunidad universitaria de las Unidades Sureste, Laguna y Norte y al p\u00fablico en general a disfrutar de las actividades culturales programadas durante el mes de noviembre. El 5 de [&hellip;]<\/p>\n","protected":false},"author":1,"featured_media":26798,"comment_status":"open","ping_status":"open","sticky":false,"template":"","format":"standard","meta":{"_monsterinsights_skip_tracking":false,"_monsterinsights_sitenote_active":false,"_monsterinsights_sitenote_note":"","_monsterinsights_sitenote_category":0,"footnotes":""},"categories":[1],"tags":[],"_links":{"self":[{"href":"https:\/\/zonalimitrofe-cbnr.com\/index.php\/wp-json\/wp\/v2\/posts\/26797"}],"collection":[{"href":"https:\/\/zonalimitrofe-cbnr.com\/index.php\/wp-json\/wp\/v2\/posts"}],"about":[{"href":"https:\/\/zonalimitrofe-cbnr.com\/index.php\/wp-json\/wp\/v2\/types\/post"}],"author":[{"embeddable":true,"href":"https:\/\/zonalimitrofe-cbnr.com\/index.php\/wp-json\/wp\/v2\/users\/1"}],"replies":[{"embeddable":true,"href":"https:\/\/zonalimitrofe-cbnr.com\/index.php\/wp-json\/wp\/v2\/comments?post=26797"}],"version-history":[{"count":1,"href":"https:\/\/zonalimitrofe-cbnr.com\/index.php\/wp-json\/wp\/v2\/posts\/26797\/revisions"}],"predecessor-version":[{"id":26799,"href":"https:\/\/zonalimitrofe-cbnr.com\/index.php\/wp-json\/wp\/v2\/posts\/26797\/revisions\/26799"}],"wp:featuredmedia":[{"embeddable":true,"href":"https:\/\/zonalimitrofe-cbnr.com\/index.php\/wp-json\/wp\/v2\/media\/26798"}],"wp:attachment":[{"href":"https:\/\/zonalimitrofe-cbnr.com\/index.php\/wp-json\/wp\/v2\/media?parent=26797"}],"wp:term":[{"taxonomy":"category","embeddable":true,"href":"https:\/\/zonalimitrofe-cbnr.com\/index.php\/wp-json\/wp\/v2\/categories?post=26797"},{"taxonomy":"post_tag","embeddable":true,"href":"https:\/\/zonalimitrofe-cbnr.com\/index.php\/wp-json\/wp\/v2\/tags?post=26797"}],"curies":[{"name":"wp","href":"https:\/\/api.w.org\/{rel}","templated":true}]}}