{"id":26791,"date":"2025-11-04T10:50:29","date_gmt":"2025-11-04T16:50:29","guid":{"rendered":"https:\/\/zonalimitrofe-cbnr.com\/?p=26791"},"modified":"2025-11-04T10:50:29","modified_gmt":"2025-11-04T16:50:29","slug":"uadec-recibe-facultad-de-ciencias-de-la-comunicacion-de-la-uadec-mobiliario-equipamiento-y-modernizacion-de-alumbrado","status":"publish","type":"post","link":"https:\/\/zonalimitrofe-cbnr.com\/index.php\/2025\/11\/04\/uadec-recibe-facultad-de-ciencias-de-la-comunicacion-de-la-uadec-mobiliario-equipamiento-y-modernizacion-de-alumbrado\/","title":{"rendered":"#UAdeC. Recibe Facultad de Ciencias de la Comunicaci\u00f3n de la UAdeC Mobiliario, Equipamiento y Modernizaci\u00f3n de Alumbrado"},"content":{"rendered":"\n<p>SALTILLO, Coahuila. 4 de noviembre de 2025. Para fortalecer la infraestructura acad\u00e9mica y f\u00edsica para la comunidad universitaria, fueron entregados 80 mesabancos, 20 computadoras y la modernizaci\u00f3n del alumbrado de la Facultad de Ciencias de la Comunicaci\u00f3n de la Universidad Aut\u00f3noma de Coahuila.<\/p>\n\n\n\n<p>En representaci\u00f3n del rector de la Universidad Aut\u00f3noma de Coahuila, Octavio Pimentel Mart\u00ednez, el tesorero Evaristo Alf\u00e9rez Rodr\u00edguez, entreg\u00f3 el mobiliario y equipamiento.<\/p>\n\n\n\n<p>Lo acompa\u00f1aron, la coordinadora de Administraci\u00f3n Patrimonial y de Servicios, Paulette Sece\u00f1as V\u00e1zquez, el director Facultad de Ciencias de la Comunicaci\u00f3n, Miguel S\u00e1nchez Maldonado, as\u00ed como comunidad docente y estudiantil del plantel.<\/p>\n\n\n\n<p>En su mensaje, el tesorero de la UAdeC, Evaristo Alf\u00e9rez, destac\u00f3 el esfuerzo del Rector y la gesti\u00f3n ante la Secretar\u00eda de Educaci\u00f3n P\u00fablica, lo que ha permitido la entrega de nuevo equipamiento e infraestructura en diversas Escuelas y Facultades de la Universidad.<\/p>\n\n\n\n<p>Destac\u00f3 la importancia de la mejora en la iluminaci\u00f3n del campus para garantizar la seguridad de la comunidad universitaria, as\u00ed como la inversi\u00f3n en la barda perimetral y otras \u00e1reas del plantel, por lo que agradeci\u00f3 a la coordinadora de Administraci\u00f3n Patrimonial y de Servicios, Paulette Sece\u00f1asa y a su equipo por su trabajo por el remozamiento.<\/p>\n\n\n\n<p>Por su parte el director de la FCC, Miguel S\u00e1nchez Maldonado, celebr\u00f3 la entrega del mobiliario y del equipamiento tecnol\u00f3gico, lo que permitir\u00e1 mejorar las condiciones en el plantel y contar con tecnolog\u00eda actualizada para materias clave como Dise\u00f1o gr\u00e1fico y Producci\u00f3n audiovisual.<\/p>\n\n\n\n<p>S\u00e1nchez Maldonado, agradeci\u00f3 por el apoyo en la instalaci\u00f3n de luminarias y mejoras en la fachada de la Facultad, lo que ha transformado el espacio en un lugar m\u00e1s seguro y acogedor, al tiempo que agradeci\u00f3 al rector Octavio Pimentel por su continuo respaldo.<\/p>\n\n\n\n<p>En representaci\u00f3n de la comunidad estudiantil, la alumna Aranza Jazm\u00edn de Le\u00f3n Mona, agradeci\u00f3 a las autoridades universitarias por el apoyo recibido, ya que dijo, no solo se mejoran las condiciones de aprendizaje, sino que impulsan la creatividad y la formaci\u00f3n de los futuros comunicadores.<\/p>\n\n\n\n<p>La Modernizaci\u00f3n del Alumbrado en la Facultad represent\u00f3 una inversi\u00f3n de $613 mil 589.73 pesos, que incluy\u00f3 el suministro de 24 luminarias tipo LED para vialidades, de 108 watts, la instalaci\u00f3n de 22 reflectores LED de 150 watts; as\u00ed como la aplicaci\u00f3n de pintura de esmalte en 14 postes de arbotantes, en el barandal perimetral de la Facultad (172 metros lineales) y en 18 bancas met\u00e1licas de jard\u00edn.<\/p>\n","protected":false},"excerpt":{"rendered":"<p>SALTILLO, Coahuila. 4 de noviembre de 2025. Para fortalecer la infraestructura acad\u00e9mica y f\u00edsica para la comunidad universitaria, fueron entregados 80 mesabancos, 20 computadoras y la modernizaci\u00f3n del alumbrado de la Facultad de Ciencias de la Comunicaci\u00f3n de la Universidad Aut\u00f3noma de Coahuila. En representaci\u00f3n del rector de la Universidad Aut\u00f3noma de Coahuila, Octavio Pimentel [&hellip;]<\/p>\n","protected":false},"author":1,"featured_media":26792,"comment_status":"open","ping_status":"open","sticky":false,"template":"","format":"standard","meta":{"_monsterinsights_skip_tracking":false,"_monsterinsights_sitenote_active":false,"_monsterinsights_sitenote_note":"","_monsterinsights_sitenote_category":0,"footnotes":""},"categories":[1],"tags":[],"_links":{"self":[{"href":"https:\/\/zonalimitrofe-cbnr.com\/index.php\/wp-json\/wp\/v2\/posts\/26791"}],"collection":[{"href":"https:\/\/zonalimitrofe-cbnr.com\/index.php\/wp-json\/wp\/v2\/posts"}],"about":[{"href":"https:\/\/zonalimitrofe-cbnr.com\/index.php\/wp-json\/wp\/v2\/types\/post"}],"author":[{"embeddable":true,"href":"https:\/\/zonalimitrofe-cbnr.com\/index.php\/wp-json\/wp\/v2\/users\/1"}],"replies":[{"embeddable":true,"href":"https:\/\/zonalimitrofe-cbnr.com\/index.php\/wp-json\/wp\/v2\/comments?post=26791"}],"version-history":[{"count":1,"href":"https:\/\/zonalimitrofe-cbnr.com\/index.php\/wp-json\/wp\/v2\/posts\/26791\/revisions"}],"predecessor-version":[{"id":26793,"href":"https:\/\/zonalimitrofe-cbnr.com\/index.php\/wp-json\/wp\/v2\/posts\/26791\/revisions\/26793"}],"wp:featuredmedia":[{"embeddable":true,"href":"https:\/\/zonalimitrofe-cbnr.com\/index.php\/wp-json\/wp\/v2\/media\/26792"}],"wp:attachment":[{"href":"https:\/\/zonalimitrofe-cbnr.com\/index.php\/wp-json\/wp\/v2\/media?parent=26791"}],"wp:term":[{"taxonomy":"category","embeddable":true,"href":"https:\/\/zonalimitrofe-cbnr.com\/index.php\/wp-json\/wp\/v2\/categories?post=26791"},{"taxonomy":"post_tag","embeddable":true,"href":"https:\/\/zonalimitrofe-cbnr.com\/index.php\/wp-json\/wp\/v2\/tags?post=26791"}],"curies":[{"name":"wp","href":"https:\/\/api.w.org\/{rel}","templated":true}]}}