{"id":26749,"date":"2025-11-02T19:07:18","date_gmt":"2025-11-03T01:07:18","guid":{"rendered":"https:\/\/zonalimitrofe-cbnr.com\/?p=26749"},"modified":"2025-11-02T19:07:18","modified_gmt":"2025-11-03T01:07:18","slug":"torreon-implan-torreon-conmemora-el-dia-mundial-de-las-ciudades","status":"publish","type":"post","link":"https:\/\/zonalimitrofe-cbnr.com\/index.php\/2025\/11\/02\/torreon-implan-torreon-conmemora-el-dia-mundial-de-las-ciudades\/","title":{"rendered":"#Torre\u00f3n. IMPLAN Torre\u00f3n conmemora el D\u00eda Mundial de las Ciudades"},"content":{"rendered":"\n<p>Torre\u00f3n, Coahuila. A 2 de noviembre de 2025<\/p>\n\n\n\n<p>En el marco del D\u00eda Mundial de las Ciudades, establecido el 31 de octubre, el Instituto Municipal de Planeaci\u00f3n y Competitividad de Torre\u00f3n (IMPLAN) se suma a la conmemoraci\u00f3n impulsada por ONU-Habitat, que este a\u00f1o lleva como lema \u201cCiudades inteligentes centradas en las personas\u201d.<\/p>\n\n\n\n<p>Eduardo Terrazas Ramos, titular del instituto, mencion\u00f3 que esta fecha busca reflexionar sobre los desaf\u00edos y oportunidades que enfrentan las ciudades en materia de desarrollo sostenible, movilidad, vivienda, medio ambiente y equidad social.<\/p>\n\n\n\n<p>Bajo las instrucciones del alcalde Rom\u00e1n Alberto Cepeda Gonz\u00e1lez, el IMPLAN Torre\u00f3n sigue trabajando en proyectos enfocados en: gobierno digital, gesti\u00f3n de los servicios p\u00fablicos, seguridad urbana, movilidad y transporte y sistema regional de innovaci\u00f3n y el desarrollo end\u00f3geno.<\/p>\n\n\n\n<p>En ese sentido, se reafirma el compromiso de generar informaci\u00f3n, proyectos y estrategias que contribuyan a una planeaci\u00f3n urbana integral, centrada en mejorar la calidad de vida de la poblaci\u00f3n y fortalecer la competitividad del municipio.<\/p>\n\n\n\n<p>\u201cEl futuro de Torre\u00f3n depende de c\u00f3mo planifiquemos hoy nuestras acciones. Desde el IMPLAN promovemos una visi\u00f3n de ciudad ordenada, inclusiva y resiliente, donde el crecimiento econ\u00f3mico vaya de la mano con la sostenibilidad y el bienestar de la ciudadan\u00eda\u201d, expres\u00f3 Terrazas Ramos.<\/p>\n\n\n\n<p>Estas acciones se enmarcan en los Objetivos de Desarrollo Sostenible (ODS) de la Agenda 2030, en particular el ODS 11: Ciudades y comunidades sostenibles.<\/p>\n\n\n\n<p>Con este tipo de esfuerzos, el Instituto busca fortalecer la cultura de la planeaci\u00f3n en Torre\u00f3n, fomentar la participaci\u00f3n ciudadana y promover pol\u00edticas p\u00fablicas basadas en evidencia que impulsen una ciudad m\u00e1s habitable, segura y competitiva.<\/p>\n","protected":false},"excerpt":{"rendered":"<p>Torre\u00f3n, Coahuila. A 2 de noviembre de 2025 En el marco del D\u00eda Mundial de las Ciudades, establecido el 31 de octubre, el Instituto Municipal de Planeaci\u00f3n y Competitividad de Torre\u00f3n (IMPLAN) se suma a la conmemoraci\u00f3n impulsada por ONU-Habitat, que este a\u00f1o lleva como lema \u201cCiudades inteligentes centradas en las personas\u201d. Eduardo Terrazas Ramos, [&hellip;]<\/p>\n","protected":false},"author":1,"featured_media":26750,"comment_status":"open","ping_status":"open","sticky":false,"template":"","format":"standard","meta":{"_monsterinsights_skip_tracking":false,"_monsterinsights_sitenote_active":false,"_monsterinsights_sitenote_note":"","_monsterinsights_sitenote_category":0,"footnotes":""},"categories":[1],"tags":[],"_links":{"self":[{"href":"https:\/\/zonalimitrofe-cbnr.com\/index.php\/wp-json\/wp\/v2\/posts\/26749"}],"collection":[{"href":"https:\/\/zonalimitrofe-cbnr.com\/index.php\/wp-json\/wp\/v2\/posts"}],"about":[{"href":"https:\/\/zonalimitrofe-cbnr.com\/index.php\/wp-json\/wp\/v2\/types\/post"}],"author":[{"embeddable":true,"href":"https:\/\/zonalimitrofe-cbnr.com\/index.php\/wp-json\/wp\/v2\/users\/1"}],"replies":[{"embeddable":true,"href":"https:\/\/zonalimitrofe-cbnr.com\/index.php\/wp-json\/wp\/v2\/comments?post=26749"}],"version-history":[{"count":1,"href":"https:\/\/zonalimitrofe-cbnr.com\/index.php\/wp-json\/wp\/v2\/posts\/26749\/revisions"}],"predecessor-version":[{"id":26751,"href":"https:\/\/zonalimitrofe-cbnr.com\/index.php\/wp-json\/wp\/v2\/posts\/26749\/revisions\/26751"}],"wp:featuredmedia":[{"embeddable":true,"href":"https:\/\/zonalimitrofe-cbnr.com\/index.php\/wp-json\/wp\/v2\/media\/26750"}],"wp:attachment":[{"href":"https:\/\/zonalimitrofe-cbnr.com\/index.php\/wp-json\/wp\/v2\/media?parent=26749"}],"wp:term":[{"taxonomy":"category","embeddable":true,"href":"https:\/\/zonalimitrofe-cbnr.com\/index.php\/wp-json\/wp\/v2\/categories?post=26749"},{"taxonomy":"post_tag","embeddable":true,"href":"https:\/\/zonalimitrofe-cbnr.com\/index.php\/wp-json\/wp\/v2\/tags?post=26749"}],"curies":[{"name":"wp","href":"https:\/\/api.w.org\/{rel}","templated":true}]}}