{"id":26743,"date":"2025-11-02T19:03:21","date_gmt":"2025-11-03T01:03:21","guid":{"rendered":"https:\/\/zonalimitrofe-cbnr.com\/?p=26743"},"modified":"2025-11-02T19:03:21","modified_gmt":"2025-11-03T01:03:21","slug":"durango-marisol-rosso-impulsa-la-profesionalizacion-de-cuidadores-para-mejorar-la-atencion-a-personas-mayores-en-durango","status":"publish","type":"post","link":"https:\/\/zonalimitrofe-cbnr.com\/index.php\/2025\/11\/02\/durango-marisol-rosso-impulsa-la-profesionalizacion-de-cuidadores-para-mejorar-la-atencion-a-personas-mayores-en-durango\/","title":{"rendered":"#Durango. Marisol Rosso impulsa la profesionalizaci\u00f3n de cuidadores para mejorar la atenci\u00f3n a personas mayores en Durango*"},"content":{"rendered":"\n<p>* _El Diplomado en Intervenci\u00f3n Gerontol\u00f3gica brinda nuevas herramientas al personal del DIF Estatal y Municipal._<\/p>\n\n\n\n<p>* _La estrategia, respaldada por Esteban Villegas, promueve un trato m\u00e1s digno y humano a los adultos mayores._<\/p>\n\n\n\n<p>Para el gobernador Esteban Villegas Villarreal y su esposa Marisol Rosso Rivera, cuidar a las personas adultas mayores es una prioridad que da sentido humano a su gobierno. Por eso, impulsan la capacitaci\u00f3n constante de quienes las atienden, convencidos de que un cuidador mejor preparado garantiza una vida m\u00e1s digna, segura y plena para quienes ya entregaron su tiempo y esfuerzo a Durango.<\/p>\n\n\n\n<p>Con esta visi\u00f3n, el Diplomado de Intervenci\u00f3n Gerontol\u00f3gica en Atenci\u00f3n a Personas Adultas Mayores, desarrollado en la Facultad de Trabajo Social de la Universidad Ju\u00e1rez del Estado de Durango (UJED), se convirti\u00f3 en una herramienta fundamental para fortalecer la calidad de los servicios que ofrece el Sistema DIF Estatal y los DIF Municipales. A trav\u00e9s de esta formaci\u00f3n, los participantes adquirieron conocimientos te\u00f3ricos, pr\u00e1cticos y vivenciales orientados a la atenci\u00f3n integral de las personas mayores.<\/p>\n\n\n\n<p>Durante el cierre del diplomado, Marisol Rosso, presidenta del DIF Estatal, reconoci\u00f3 el compromiso del personal que particip\u00f3 en esta capacitaci\u00f3n, destacando que su preparaci\u00f3n se reflejar\u00e1 en un mejor servicio para quienes m\u00e1s lo necesitan. \u201cQuiero reconocer el trabajo de quienes se desempe\u00f1an en la atenci\u00f3n de las personas mayores, quienes nos han dado tanto: su tiempo y su experiencia. Eso que hacen ustedes, cr\u00e9anme que Dios se los recompensar\u00e1, pues lo que hoy hacemos por ellos, ma\u00f1ana alguien lo har\u00e1 por nosotros\u201d, expres\u00f3.<\/p>\n\n\n\n<p>El diplomado se llev\u00f3 a cabo mediante el Fondo de Aportaciones M\u00faltiples \u2013 Asistencia Social, con la participaci\u00f3n de trabajadores del DIF Estatal y de los DIF Municipales de Poanas, Santiago Papasquiaro, Nombre de Dios y Durango, quienes fueron capacitados por 15 especialistas en salud gerontol\u00f3gica.<\/p>\n\n\n\n<p>Son muchas las historias que pueden contarse en los pasillos de la Ciudad del Anciano, de la Escuela de la Tercera Edad y de cada espacio del DIF donde se brinda atenci\u00f3n a las personas adultas mayores. Por ello, fortalecer la preparaci\u00f3n del personal representa un paso esencial para elevar la calidad del servicio, fomentar el respeto y asegurar un trato digno a cada duranguense en esta etapa de la vida.<\/p>\n\n\n\n<p>En su mensaje, Ana Rosa Rodr\u00edguez Dur\u00e1n, directora de la Facultad de Trabajo Social, reconoci\u00f3 la visi\u00f3n humanista del gobernador Esteban Villegas y de Marisol Rosso al impulsar la formaci\u00f3n de profesionales m\u00e1s sensibles y comprometidos. Destac\u00f3 adem\u00e1s el impacto social de estas acciones, que dignifican la labor de quienes acompa\u00f1an a las personas mayores con empat\u00eda y profesionalismo.<\/p>\n\n\n\n<p>Por su parte, Diego Gurrola Flores, uno de los participantes, agradeci\u00f3 la oportunidad de fortalecer sus conocimientos y su vocaci\u00f3n de servicio. \u201cHoy somos profesionales m\u00e1s preparados, pero tambi\u00e9n m\u00e1s humanos y conscientes del valor de nuestro trabajo\u201d, afirm\u00f3.<br><\/p>\n","protected":false},"excerpt":{"rendered":"<p>* _El Diplomado en Intervenci\u00f3n Gerontol\u00f3gica brinda nuevas herramientas al personal del DIF Estatal y Municipal._ * _La estrategia, respaldada por Esteban Villegas, promueve un trato m\u00e1s digno y humano a los adultos mayores._ Para el gobernador Esteban Villegas Villarreal y su esposa Marisol Rosso Rivera, cuidar a las personas adultas mayores es una prioridad [&hellip;]<\/p>\n","protected":false},"author":1,"featured_media":26744,"comment_status":"open","ping_status":"open","sticky":false,"template":"","format":"standard","meta":{"_monsterinsights_skip_tracking":false,"_monsterinsights_sitenote_active":false,"_monsterinsights_sitenote_note":"","_monsterinsights_sitenote_category":0,"footnotes":""},"categories":[1],"tags":[],"_links":{"self":[{"href":"https:\/\/zonalimitrofe-cbnr.com\/index.php\/wp-json\/wp\/v2\/posts\/26743"}],"collection":[{"href":"https:\/\/zonalimitrofe-cbnr.com\/index.php\/wp-json\/wp\/v2\/posts"}],"about":[{"href":"https:\/\/zonalimitrofe-cbnr.com\/index.php\/wp-json\/wp\/v2\/types\/post"}],"author":[{"embeddable":true,"href":"https:\/\/zonalimitrofe-cbnr.com\/index.php\/wp-json\/wp\/v2\/users\/1"}],"replies":[{"embeddable":true,"href":"https:\/\/zonalimitrofe-cbnr.com\/index.php\/wp-json\/wp\/v2\/comments?post=26743"}],"version-history":[{"count":1,"href":"https:\/\/zonalimitrofe-cbnr.com\/index.php\/wp-json\/wp\/v2\/posts\/26743\/revisions"}],"predecessor-version":[{"id":26745,"href":"https:\/\/zonalimitrofe-cbnr.com\/index.php\/wp-json\/wp\/v2\/posts\/26743\/revisions\/26745"}],"wp:featuredmedia":[{"embeddable":true,"href":"https:\/\/zonalimitrofe-cbnr.com\/index.php\/wp-json\/wp\/v2\/media\/26744"}],"wp:attachment":[{"href":"https:\/\/zonalimitrofe-cbnr.com\/index.php\/wp-json\/wp\/v2\/media?parent=26743"}],"wp:term":[{"taxonomy":"category","embeddable":true,"href":"https:\/\/zonalimitrofe-cbnr.com\/index.php\/wp-json\/wp\/v2\/categories?post=26743"},{"taxonomy":"post_tag","embeddable":true,"href":"https:\/\/zonalimitrofe-cbnr.com\/index.php\/wp-json\/wp\/v2\/tags?post=26743"}],"curies":[{"name":"wp","href":"https:\/\/api.w.org\/{rel}","templated":true}]}}