{"id":2673,"date":"2024-03-08T17:47:45","date_gmt":"2024-03-08T23:47:45","guid":{"rendered":"https:\/\/zonalimitrofe-cbnr.com\/?p=2673"},"modified":"2024-03-08T17:47:45","modified_gmt":"2024-03-08T23:47:45","slug":"durango-reabre-gobierno-estatal-paseo-turistico-que-por-anos-no-recibio-mantenimiento","status":"publish","type":"post","link":"https:\/\/zonalimitrofe-cbnr.com\/index.php\/2024\/03\/08\/durango-reabre-gobierno-estatal-paseo-turistico-que-por-anos-no-recibio-mantenimiento\/","title":{"rendered":"#Durango. Reabre Gobierno Estatal paseo tur\u00edstico que por a\u00f1os no recibi\u00f3 mantenimiento"},"content":{"rendered":"\n<p>Con equipos totalmente nuevos y seguros, el gobierno que encabeza Esteban Villegas reabri\u00f3 las puertas del Telef\u00e9rico, con el que se prepara para recibir a todos los visitantes durante la semana santa en la capital.<\/p>\n\n\n\n<p>\u201cSe ha dado un mantenimiento general despu\u00e9s de muchos a\u00f1os, los cables se encontraban colgados 12 metros\u201d, dijo el mandatario al detallar que se realizaron trabajos de rehabilitaci\u00f3n en el equipo el\u00e9ctrico y mec\u00e1nico, los cuales no fueron sencillos, pues se realizaron pr\u00e1cticamente en el aire.<\/p>\n\n\n\n<p>Es la primera vez en la historia del telef\u00e9rico que se hace el recorte y mantenimiento a estas l\u00edneas de cables.<\/p>\n\n\n\n<p>Seg\u00fan las normas internacionales esto se tiene que hacer entre 10 y 12 a\u00f1os seg\u00fan las horas de servicio.<\/p>\n\n\n\n<p>El Telef\u00e9rico de Durango cumpli\u00f3 13 a\u00f1os de servicio el pasado 8 de noviembre del 2023, haciendo necesario ya el mantenimiento.<\/p>\n\n\n\n<p>Se repusieron las cabinas I y II con un ajuste de 30 cent\u00edmetros en su distancia, ya que estaban desfasadas dicha tramo de su posici\u00f3n original.<\/p>\n\n\n\n<p>Los visitantes que llegan al Paseo Telef\u00e9rico oscilan entre los 3 mil a los 10 mil por mes dependiendo de la temporada.<\/p>\n\n\n\n<p>Fueron ingenieros suizos los que realizaron el mantenimiento que se extendieron por un lapso de tres semanas.<\/p>\n\n\n\n<p><\/p>\n","protected":false},"excerpt":{"rendered":"<p>Con equipos totalmente nuevos y seguros, el gobierno que encabeza Esteban Villegas reabri\u00f3 las puertas del Telef\u00e9rico, con el que se prepara para recibir a todos los visitantes durante la semana santa en la capital. \u201cSe ha dado un mantenimiento general despu\u00e9s de muchos a\u00f1os, los cables se encontraban colgados 12 metros\u201d, dijo el mandatario [&hellip;]<\/p>\n","protected":false},"author":1,"featured_media":2674,"comment_status":"open","ping_status":"open","sticky":false,"template":"","format":"standard","meta":{"_monsterinsights_skip_tracking":false,"_monsterinsights_sitenote_active":false,"_monsterinsights_sitenote_note":"","_monsterinsights_sitenote_category":0,"footnotes":""},"categories":[1],"tags":[],"_links":{"self":[{"href":"https:\/\/zonalimitrofe-cbnr.com\/index.php\/wp-json\/wp\/v2\/posts\/2673"}],"collection":[{"href":"https:\/\/zonalimitrofe-cbnr.com\/index.php\/wp-json\/wp\/v2\/posts"}],"about":[{"href":"https:\/\/zonalimitrofe-cbnr.com\/index.php\/wp-json\/wp\/v2\/types\/post"}],"author":[{"embeddable":true,"href":"https:\/\/zonalimitrofe-cbnr.com\/index.php\/wp-json\/wp\/v2\/users\/1"}],"replies":[{"embeddable":true,"href":"https:\/\/zonalimitrofe-cbnr.com\/index.php\/wp-json\/wp\/v2\/comments?post=2673"}],"version-history":[{"count":1,"href":"https:\/\/zonalimitrofe-cbnr.com\/index.php\/wp-json\/wp\/v2\/posts\/2673\/revisions"}],"predecessor-version":[{"id":2675,"href":"https:\/\/zonalimitrofe-cbnr.com\/index.php\/wp-json\/wp\/v2\/posts\/2673\/revisions\/2675"}],"wp:featuredmedia":[{"embeddable":true,"href":"https:\/\/zonalimitrofe-cbnr.com\/index.php\/wp-json\/wp\/v2\/media\/2674"}],"wp:attachment":[{"href":"https:\/\/zonalimitrofe-cbnr.com\/index.php\/wp-json\/wp\/v2\/media?parent=2673"}],"wp:term":[{"taxonomy":"category","embeddable":true,"href":"https:\/\/zonalimitrofe-cbnr.com\/index.php\/wp-json\/wp\/v2\/categories?post=2673"},{"taxonomy":"post_tag","embeddable":true,"href":"https:\/\/zonalimitrofe-cbnr.com\/index.php\/wp-json\/wp\/v2\/tags?post=2673"}],"curies":[{"name":"wp","href":"https:\/\/api.w.org\/{rel}","templated":true}]}}