{"id":26699,"date":"2025-11-01T16:37:21","date_gmt":"2025-11-01T22:37:21","guid":{"rendered":"https:\/\/zonalimitrofe-cbnr.com\/?p=26699"},"modified":"2025-11-01T16:37:21","modified_gmt":"2025-11-01T22:37:21","slug":"lerdo-susy-torrecillas-inauguro-altares-de-muertos-y-repartio-la-mega-catrina","status":"publish","type":"post","link":"https:\/\/zonalimitrofe-cbnr.com\/index.php\/2025\/11\/01\/lerdo-susy-torrecillas-inauguro-altares-de-muertos-y-repartio-la-mega-catrina\/","title":{"rendered":"#Lerdo. SUSY TORRECILLAS INAUGUR\u00d3 ALTARES DE MUERTOS Y REPARTI\u00d3 LA MEGA CATRINA*"},"content":{"rendered":"\n<p>&#8211; La noche del viernes se vivi\u00f3 entre colores, sabores, tradici\u00f3n y deporte<\/p>\n\n\n\n<p>Lerdo, 01 de noviembre 2025.-<br>La noche del pasado viernes, la Presidenta Municipal de Lerdo, Susy Carolina Torrecillas Salazar, encabez\u00f3 las diversas actividades del Festival &#8216;Entre Flores y Catrinas 2025&#8217;, realizado en el Paseo Sarabia de la ciudad.<\/p>\n\n\n\n<p>Con cuatro eventos simult\u00e1neos, los lerdenses disfrutaron de una velada llena de tradici\u00f3n, cultura, gastronom\u00eda, color y deporte, fortaleciendo el orgullo por las costumbres mexicanas.<\/p>\n\n\n\n<p>Acompa\u00f1ada del rector de la Universidad Vizcaya de las Am\u00e9ricas, Jos\u00e9 Fernando Tovar Ventura, la Presidenta agradeci\u00f3 la participaci\u00f3n de los estudiantes en la elaboraci\u00f3n del Mega Catrina de pan de muerto, instalada en el Paseo Sarabia. El delicioso pan, preparado por los alumnos, fue compartido entre los asistentes por personal del Sistema DIF Lerdo, acompa\u00f1ado de un vaso de chocolate caliente.<\/p>\n\n\n\n<p>Posteriormente, la Alcaldesa, junto a regidores, directores municipales y la reina del municipio, se traslad\u00f3 al kiosco central de la plaza principal, donde llev\u00f3 a cabo la inauguraci\u00f3n de los altares de muertos, como parte de la preservaci\u00f3n de esta importante tradici\u00f3n mexicana.<\/p>\n\n\n\n<p>En total, fueron colocados 11 altares de muertos, elaborados con gran creatividad por instituciones educativas, negocios locales y organizaciones sociales y pol\u00edticas. Cada grupo realiz\u00f3 una breve exposici\u00f3n sobre la dedicatoria y significado de su altar.<\/p>\n\n\n\n<p>Cerca de las 20:00 horas, la Presidenta Municipal Susy Torrecillas, disfrut\u00f3 del festival art\u00edstico, que incluy\u00f3 la presentaci\u00f3n de grupos de danza folcl\u00f3rica, cantantes locales y el espect\u00e1culo \u201cLos Muertos Est\u00e1n de Fiesta\u201d, a cargo de H\u00e9ctor Stock Arreola.<\/p>\n\n\n\n<p>Para cerrar la jornada cultural, la Presidenta encabez\u00f3 la premiaci\u00f3n de la carrera deportiva 5K \u201cRuta de los Muertos\u201d, que concluy\u00f3 en el Paseo Sarabia (calle Hidalgo) y recorri\u00f3 el Boulevard Miguel Alem\u00e1n. La cual reuni\u00f3 a una gran cantidad de ciudadanos.<\/p>\n\n\n\n<p>Finalmente, Susy Torrecillas reafirm\u00f3 su compromiso de seguir impulsando la cultura, el turismo y la convivencia familiar y social en el municipio, a trav\u00e9s de acciones que fortalezcan la identidad lerdense.<\/p>\n\n\n\n<p>Las actividades continuar\u00e1n este mismo s\u00e1bado con la segunda corrida de Calaveras en la plaza de Toros Alberto Balderas, en punto de las 19:00 horas.<\/p>\n","protected":false},"excerpt":{"rendered":"<p>&#8211; La noche del viernes se vivi\u00f3 entre colores, sabores, tradici\u00f3n y deporte Lerdo, 01 de noviembre 2025.-La noche del pasado viernes, la Presidenta Municipal de Lerdo, Susy Carolina Torrecillas Salazar, encabez\u00f3 las diversas actividades del Festival &#8216;Entre Flores y Catrinas 2025&#8217;, realizado en el Paseo Sarabia de la ciudad. Con cuatro eventos simult\u00e1neos, los [&hellip;]<\/p>\n","protected":false},"author":1,"featured_media":26700,"comment_status":"open","ping_status":"open","sticky":false,"template":"","format":"standard","meta":{"_monsterinsights_skip_tracking":false,"_monsterinsights_sitenote_active":false,"_monsterinsights_sitenote_note":"","_monsterinsights_sitenote_category":0,"footnotes":""},"categories":[1],"tags":[],"_links":{"self":[{"href":"https:\/\/zonalimitrofe-cbnr.com\/index.php\/wp-json\/wp\/v2\/posts\/26699"}],"collection":[{"href":"https:\/\/zonalimitrofe-cbnr.com\/index.php\/wp-json\/wp\/v2\/posts"}],"about":[{"href":"https:\/\/zonalimitrofe-cbnr.com\/index.php\/wp-json\/wp\/v2\/types\/post"}],"author":[{"embeddable":true,"href":"https:\/\/zonalimitrofe-cbnr.com\/index.php\/wp-json\/wp\/v2\/users\/1"}],"replies":[{"embeddable":true,"href":"https:\/\/zonalimitrofe-cbnr.com\/index.php\/wp-json\/wp\/v2\/comments?post=26699"}],"version-history":[{"count":1,"href":"https:\/\/zonalimitrofe-cbnr.com\/index.php\/wp-json\/wp\/v2\/posts\/26699\/revisions"}],"predecessor-version":[{"id":26701,"href":"https:\/\/zonalimitrofe-cbnr.com\/index.php\/wp-json\/wp\/v2\/posts\/26699\/revisions\/26701"}],"wp:featuredmedia":[{"embeddable":true,"href":"https:\/\/zonalimitrofe-cbnr.com\/index.php\/wp-json\/wp\/v2\/media\/26700"}],"wp:attachment":[{"href":"https:\/\/zonalimitrofe-cbnr.com\/index.php\/wp-json\/wp\/v2\/media?parent=26699"}],"wp:term":[{"taxonomy":"category","embeddable":true,"href":"https:\/\/zonalimitrofe-cbnr.com\/index.php\/wp-json\/wp\/v2\/categories?post=26699"},{"taxonomy":"post_tag","embeddable":true,"href":"https:\/\/zonalimitrofe-cbnr.com\/index.php\/wp-json\/wp\/v2\/tags?post=26699"}],"curies":[{"name":"wp","href":"https:\/\/api.w.org\/{rel}","templated":true}]}}