{"id":26696,"date":"2025-11-01T16:35:15","date_gmt":"2025-11-01T22:35:15","guid":{"rendered":"https:\/\/zonalimitrofe-cbnr.com\/?p=26696"},"modified":"2025-11-01T16:35:15","modified_gmt":"2025-11-01T22:35:15","slug":"torreon-invitan-al-encuentro-de-matachines-dentro-del-festival-el-mitote-lagunero-2025","status":"publish","type":"post","link":"https:\/\/zonalimitrofe-cbnr.com\/index.php\/2025\/11\/01\/torreon-invitan-al-encuentro-de-matachines-dentro-del-festival-el-mitote-lagunero-2025\/","title":{"rendered":"#Torre\u00f3n. Invitan al \u201cEncuentro de Matachines\u201d dentro del Festival \u201cEl Mitote Lagunero 2025\u201d"},"content":{"rendered":"\n<p>Torre\u00f3n, Coahuila a 1 de noviembre de 2025<\/p>\n\n\n\n<p>El Municipio de Torre\u00f3n, a trav\u00e9s del Instituto Municipal de Cultura y Educaci\u00f3n (IMCE), el Sistema para el Desarrollo Integral de la Familia (DIF), en coordinaci\u00f3n con la Di\u00f3cesis de Torre\u00f3n, la Direcci\u00f3n de Turismo y Desarrollo Social, invita a la ciudadan\u00eda al \u201cEncuentro de Matachines\u201d que se realizar\u00e1 el pr\u00f3ximo lunes 03 de noviembre a las 17:30 horas, en la explanada de Plaza Mayor.<\/p>\n\n\n\n<p>El titular del IMCE, Antonio M\u00e9ndez Vigat\u00e1, inform\u00f3 que este encuentro forma parte del Festival Cultural \u201cEl Mitote Lagunero 2025\u201d impulsado por la Administraci\u00f3n Municipal encabezada por el alcalde Rom\u00e1n Alberto Cepeda Gonz\u00e1lez con el Gobierno del Estado.<\/p>\n\n\n\n<p>El festival se lleva a cabo del 29 de octubre al 16 de noviembre, con el objetivo de promover la identidad y las tradiciones laguneras a trav\u00e9s de diversas actividades art\u00edsticas y culturales.<\/p>\n\n\n\n<p>\u201cLa danza de matachines es una de las expresiones m\u00e1s representativas del norte de M\u00e9xico, s\u00edmbolo de fe, devoci\u00f3n y comunidad\u201d, se\u00f1al\u00f3 el director.<\/p>\n\n\n\n<p>El funcionario indic\u00f3 que en esta edici\u00f3n participar\u00e1n cinco grupos provenientes de distintas parroquias y comunidades de la regi\u00f3n entre ellas la danza \u201cVirgen del Carmen\u201d, fundada el 16 de julio de 2023 por Jos\u00e9 Luis S\u00e1nchez, quien cuenta con m\u00e1s de 45 a\u00f1os de trayectoria como danzante.<\/p>\n\n\n\n<p>Adem\u00e1s de la danza \u201cMi Virgen Bella\u201d, grupo formado hace cinco a\u00f1os bajo la representaci\u00f3n de Francisca D\u00edaz Navarro, los colores son azul, blanco y rojo. La danza \u201cSan Judas Tadeo\u201d, encabezada por Jonathan Omar Mac\u00edas Rivera, nacida del deseo de contar con una danza propia para la parroquia de San Judas Tadeo y sus seis capillas cuyos colores distintivos son el amarillo, blanco, caf\u00e9 y verde.<\/p>\n\n\n\n<p>Asimismo, el Grupo de Danza \u201cNuestra Se\u00f1ora de San Juan de los Lagos\u201d, representado por Brenda Cornejo Acosta y en memoria de Juan Jos\u00e9 Cornejo, con la participaci\u00f3n de m\u00e1s de 15 danzantes y tamboreros.<\/p>\n\n\n\n<p>El Encuentro de Matachines busca reconocer la fe y la tradici\u00f3n de las comunidades laguneras, adem\u00e1s de fortalecer el sentido de identidad y pertenencia a trav\u00e9s de la m\u00fasica, el color y el movimiento.<\/p>\n\n\n\n<p>M\u00e9ndez Vigat\u00e1 dijo que la danza matachines es originaria del mestizaje entre las culturas ind\u00edgenas y las ense\u00f1anzas evangelizadoras de la \u00e9poca colonial, siendo una manifestaci\u00f3n viva de la devoci\u00f3n popular.<\/p>\n\n\n\n<p>Finalmente, dio a conocer que los danzantes se distinguen con trajes coloridos, penachos y el sonido del tambor y el viol\u00edn, expresando su fe y gratitud a la Virgen de Guadalupe y a diversos santos patronos, transmitiendo de generaci\u00f3n en generaci\u00f3n una herencia espiritual que contin\u00faa dando vida a las festividades del norte del pa\u00eds.<\/p>\n","protected":false},"excerpt":{"rendered":"<p>Torre\u00f3n, Coahuila a 1 de noviembre de 2025 El Municipio de Torre\u00f3n, a trav\u00e9s del Instituto Municipal de Cultura y Educaci\u00f3n (IMCE), el Sistema para el Desarrollo Integral de la Familia (DIF), en coordinaci\u00f3n con la Di\u00f3cesis de Torre\u00f3n, la Direcci\u00f3n de Turismo y Desarrollo Social, invita a la ciudadan\u00eda al \u201cEncuentro de Matachines\u201d que [&hellip;]<\/p>\n","protected":false},"author":1,"featured_media":26697,"comment_status":"open","ping_status":"open","sticky":false,"template":"","format":"standard","meta":{"_monsterinsights_skip_tracking":false,"_monsterinsights_sitenote_active":false,"_monsterinsights_sitenote_note":"","_monsterinsights_sitenote_category":0,"footnotes":""},"categories":[1],"tags":[],"_links":{"self":[{"href":"https:\/\/zonalimitrofe-cbnr.com\/index.php\/wp-json\/wp\/v2\/posts\/26696"}],"collection":[{"href":"https:\/\/zonalimitrofe-cbnr.com\/index.php\/wp-json\/wp\/v2\/posts"}],"about":[{"href":"https:\/\/zonalimitrofe-cbnr.com\/index.php\/wp-json\/wp\/v2\/types\/post"}],"author":[{"embeddable":true,"href":"https:\/\/zonalimitrofe-cbnr.com\/index.php\/wp-json\/wp\/v2\/users\/1"}],"replies":[{"embeddable":true,"href":"https:\/\/zonalimitrofe-cbnr.com\/index.php\/wp-json\/wp\/v2\/comments?post=26696"}],"version-history":[{"count":1,"href":"https:\/\/zonalimitrofe-cbnr.com\/index.php\/wp-json\/wp\/v2\/posts\/26696\/revisions"}],"predecessor-version":[{"id":26698,"href":"https:\/\/zonalimitrofe-cbnr.com\/index.php\/wp-json\/wp\/v2\/posts\/26696\/revisions\/26698"}],"wp:featuredmedia":[{"embeddable":true,"href":"https:\/\/zonalimitrofe-cbnr.com\/index.php\/wp-json\/wp\/v2\/media\/26697"}],"wp:attachment":[{"href":"https:\/\/zonalimitrofe-cbnr.com\/index.php\/wp-json\/wp\/v2\/media?parent=26696"}],"wp:term":[{"taxonomy":"category","embeddable":true,"href":"https:\/\/zonalimitrofe-cbnr.com\/index.php\/wp-json\/wp\/v2\/categories?post=26696"},{"taxonomy":"post_tag","embeddable":true,"href":"https:\/\/zonalimitrofe-cbnr.com\/index.php\/wp-json\/wp\/v2\/tags?post=26696"}],"curies":[{"name":"wp","href":"https:\/\/api.w.org\/{rel}","templated":true}]}}