{"id":26690,"date":"2025-10-31T20:53:03","date_gmt":"2025-11-01T02:53:03","guid":{"rendered":"https:\/\/zonalimitrofe-cbnr.com\/?p=26690"},"modified":"2025-10-31T20:53:03","modified_gmt":"2025-11-01T02:53:03","slug":"coahuila-gobierno-de-coahuila-impulsa-la-inclusion-plena-a-traves-del-servicio-social","status":"publish","type":"post","link":"https:\/\/zonalimitrofe-cbnr.com\/index.php\/2025\/10\/31\/coahuila-gobierno-de-coahuila-impulsa-la-inclusion-plena-a-traves-del-servicio-social\/","title":{"rendered":"#Coahuila. GOBIERNO DE COAHUILA IMPULSA LA INCLUSI\u00d3N PLENA A TRAV\u00c9S DEL SERVICIO SOCIAL"},"content":{"rendered":"\n<p>\u2022&nbsp;&nbsp;&nbsp;&nbsp;&nbsp;&nbsp;&nbsp;&nbsp;&nbsp;&nbsp;La SIDS abre sus puertas a quienes deseen sumarse a los programas que impulsan la inclusi\u00f3n y el desarrollo social.<\/p>\n\n\n\n<p>Saltillo, Coahuila de Zaragoza; 30 de octubre de 2025.\u2013 Con el firme compromiso de fortalecer los lazos entre la educaci\u00f3n y el desarrollo social, el Secretario de Inclusi\u00f3n y Desarrollo Social, Enrique Mart\u00ednez y Morales, particip\u00f3 en la Segunda Feria del Servicio Social 2025 del Instituto Tecnol\u00f3gico de Saltillo, evento que promueve la vinculaci\u00f3n de estudiantes con instituciones p\u00fablicas y sociales para transformar su entorno de manera positiva.<\/p>\n\n\n\n<p>Durante su intervenci\u00f3n, Mart\u00ednez y Morales, reconoci\u00f3 el esfuerzo del Instituto Tecnol\u00f3gico de Saltillo por fomentar en su comunidad estudiantil una formaci\u00f3n integral que va m\u00e1s all\u00e1 de las aulas, impulsando valores de empat\u00eda, responsabilidad y compromiso social. Subray\u00f3 que el servicio social es una oportunidad de crecimiento personal y profesional, adem\u00e1s de una herramienta para construir una sociedad m\u00e1s justa e inclusiva.<\/p>\n\n\n\n<p>\u201cEl hecho de motivar a nuestras y nuestros j\u00f3venes a participar en su comunidad no solo fortalece su preparaci\u00f3n acad\u00e9mica, sino tambi\u00e9n su sensibilidad hacia las necesidades de los dem\u00e1s. Eso es sembrar las bases de una ciudadan\u00eda solidaria y con visi\u00f3n de futuro\u201d, expres\u00f3 el Secretario.<\/p>\n\n\n\n<p>En esta edici\u00f3n de la feria, participaron m\u00e1s de 600 estudiantes, quienes podr\u00e1n colaborar con 19 instituciones externas y 18 departamentos internos del Tecnol\u00f3gico. Estas acciones representan m\u00e1s de 300 mil horas de trabajo comunitario, que se traducen en un impacto directo en el bienestar de las familias coahuilenses.<\/p>\n\n\n\n<p>Mart\u00ednez y Morales, reiter\u00f3 la disposici\u00f3n de la Secretar\u00eda de Inclusi\u00f3n y Desarrollo Social (SIDS) para seguir siendo un espacio de encuentro, acompa\u00f1amiento y participaci\u00f3n ciudadana. Invit\u00f3 a las y los j\u00f3venes a sumarse a los programas de inclusi\u00f3n que se impulsan desde la dependencia estatal.<\/p>\n\n\n\n<p>La SIDS mantiene sus puertas abiertas a toda persona interesada en colaborar. Pueden acudir a la Subsecretar\u00eda de Inclusi\u00f3n, ubicada en el Centro de Gobierno (segundo piso), en horario de 10:00 a.m. a 3:00 p.m.; al ICOJUVE, en las instalaciones de la Madriguera; o a la Direcci\u00f3n para Promover la Igualdad y Prevenir la Discriminaci\u00f3n, en C. Cuauht\u00e9moc 349-1, Zona Centro, Saltillo.<\/p>\n\n\n\n<p>Con estas acciones, el gobernador de Coahuila, Manolo Jim\u00e9nez, reafirma su compromiso con una inclusi\u00f3n plena y efectiva, en la que estudiantes, instituciones y ciudadan\u00eda trabajen de la mano por un futuro m\u00e1s equitativo y solidario.<\/p>\n","protected":false},"excerpt":{"rendered":"<p>\u2022&nbsp;&nbsp;&nbsp;&nbsp;&nbsp;&nbsp;&nbsp;&nbsp;&nbsp;&nbsp;La SIDS abre sus puertas a quienes deseen sumarse a los programas que impulsan la inclusi\u00f3n y el desarrollo social. Saltillo, Coahuila de Zaragoza; 30 de octubre de 2025.\u2013 Con el firme compromiso de fortalecer los lazos entre la educaci\u00f3n y el desarrollo social, el Secretario de Inclusi\u00f3n y Desarrollo Social, Enrique Mart\u00ednez y Morales, [&hellip;]<\/p>\n","protected":false},"author":1,"featured_media":26691,"comment_status":"open","ping_status":"open","sticky":false,"template":"","format":"standard","meta":{"_monsterinsights_skip_tracking":false,"_monsterinsights_sitenote_active":false,"_monsterinsights_sitenote_note":"","_monsterinsights_sitenote_category":0,"footnotes":""},"categories":[1],"tags":[],"_links":{"self":[{"href":"https:\/\/zonalimitrofe-cbnr.com\/index.php\/wp-json\/wp\/v2\/posts\/26690"}],"collection":[{"href":"https:\/\/zonalimitrofe-cbnr.com\/index.php\/wp-json\/wp\/v2\/posts"}],"about":[{"href":"https:\/\/zonalimitrofe-cbnr.com\/index.php\/wp-json\/wp\/v2\/types\/post"}],"author":[{"embeddable":true,"href":"https:\/\/zonalimitrofe-cbnr.com\/index.php\/wp-json\/wp\/v2\/users\/1"}],"replies":[{"embeddable":true,"href":"https:\/\/zonalimitrofe-cbnr.com\/index.php\/wp-json\/wp\/v2\/comments?post=26690"}],"version-history":[{"count":1,"href":"https:\/\/zonalimitrofe-cbnr.com\/index.php\/wp-json\/wp\/v2\/posts\/26690\/revisions"}],"predecessor-version":[{"id":26692,"href":"https:\/\/zonalimitrofe-cbnr.com\/index.php\/wp-json\/wp\/v2\/posts\/26690\/revisions\/26692"}],"wp:featuredmedia":[{"embeddable":true,"href":"https:\/\/zonalimitrofe-cbnr.com\/index.php\/wp-json\/wp\/v2\/media\/26691"}],"wp:attachment":[{"href":"https:\/\/zonalimitrofe-cbnr.com\/index.php\/wp-json\/wp\/v2\/media?parent=26690"}],"wp:term":[{"taxonomy":"category","embeddable":true,"href":"https:\/\/zonalimitrofe-cbnr.com\/index.php\/wp-json\/wp\/v2\/categories?post=26690"},{"taxonomy":"post_tag","embeddable":true,"href":"https:\/\/zonalimitrofe-cbnr.com\/index.php\/wp-json\/wp\/v2\/tags?post=26690"}],"curies":[{"name":"wp","href":"https:\/\/api.w.org\/{rel}","templated":true}]}}