{"id":26687,"date":"2025-10-31T20:49:18","date_gmt":"2025-11-01T02:49:18","guid":{"rendered":"https:\/\/zonalimitrofe-cbnr.com\/?p=26687"},"modified":"2025-10-31T20:49:18","modified_gmt":"2025-11-01T02:49:18","slug":"durango-esteban-villegas-firma-acuerdo-con-el-inea-para-convertir-a-durango-en-el-primer-estado-libre-de-analfabetismo","status":"publish","type":"post","link":"https:\/\/zonalimitrofe-cbnr.com\/index.php\/2025\/10\/31\/durango-esteban-villegas-firma-acuerdo-con-el-inea-para-convertir-a-durango-en-el-primer-estado-libre-de-analfabetismo\/","title":{"rendered":"#Durango. Esteban Villegas firma acuerdo con el INEA para convertir a Durango en el primer estado libre de analfabetismo*"},"content":{"rendered":"\n<p>* _Con el programa \u201cUno a uno por un Durango alfabetizado\u201d, gobierno y sociedad suman esfuerzos para erradicar el rezago educativo en todo el estado._<\/p>\n\n\n\n<p>* _La estrategia involucra a j\u00f3venes voluntarios, universidades y municipios para ense\u00f1ar a leer y escribir a personas adultas y fortalecer la inclusi\u00f3n social._<\/p>\n\n\n\n<p>Con el compromiso de erradicar el rezago educativo y garantizar que ning\u00fan duranguense se quede sin aprender a leer y escribir, el gobernador Esteban Villegas Villarreal encabez\u00f3 la firma del convenio \u201cUno a uno por un Durango alfabetizado\u201d junto con el director general del INEA, Armando Contreras Castillo, y el secretario de Educaci\u00f3n, Guillermo Adame Calder\u00f3n. El acuerdo, respaldado por autoridades estatales, municipales, legislativas y educativas, marca el inicio de una cruzada estatal para lograr que Durango sea el primer estado en alcanzar la bandera blanca en alfabetizaci\u00f3n.<\/p>\n\n\n\n<p>Durante el evento, Villegas Villarreal convoc\u00f3 a toda la sociedad a sumarse a esta tarea, al se\u00f1alar que un estado alfabetizado es un estado con m\u00e1s oportunidades, autoestima y justicia social. \u201cNunca es tarde para aprender\u201d, expres\u00f3, al destacar historias de personas adultas que transformaron su vida gracias a la educaci\u00f3n. Asegur\u00f3 que su gobierno trabajar\u00e1 de la mano con las instituciones educativas para capacitar a j\u00f3venes voluntarios que ense\u00f1en a leer y escribir a personas mayores de 15 a\u00f1os.<\/p>\n\n\n\n<p>Por su parte, Armando Contreras reconoci\u00f3 la coordinaci\u00f3n entre el Gobierno de Durango y la Federaci\u00f3n, destacando que este esfuerzo forma parte de la estrategia nacional para declarar a M\u00e9xico libre de analfabetismo. \u201cDurango estar\u00e1 presente con toda su fuerza y resultados\u201d, afirm\u00f3, al tiempo que inform\u00f3 que la primera meta ser\u00e1 lograr que la capital del estado sea la primera ciudad en levantar bandera blanca antes de mayo del pr\u00f3ximo a\u00f1o.<\/p>\n\n\n\n<p>El secretario de Educaci\u00f3n, Guillermo Adame, y el director del IDEA, Guillermo Arce Valencia, coincidieron en que el programa representa una oportunidad hist\u00f3rica para cambiar vidas. Arce Valencia inform\u00f3 que el 81 por ciento del analfabetismo en Durango se concentra en siete municipios, por lo que se trabajar\u00e1 de forma focalizada con estrategias de localizaci\u00f3n, atenci\u00f3n educativa y acompa\u00f1amiento comunitario, apoyados por j\u00f3venes de universidades y bachilleratos que cumplir\u00e1n su servicio social ense\u00f1ando a leer y escribir.<\/p>\n\n\n\n<p>En su mensaje, el presidente municipal, To\u00f1o Ochoa, refrend\u00f3 el respaldo del Ayuntamiento a esta iniciativa conjunta, subrayando que leer y escribir \u201cno solo son habilidades, sino herramientas de libertad y crecimiento que cambian vidas\u201d. Agreg\u00f3 que el gobierno municipal se sumar\u00e1 para fortalecer el trabajo en los barrios y comunidades donde a\u00fan persiste el rezago educativo.<\/p>\n\n\n\n<p>El convenio cont\u00f3 tambi\u00e9n con la presencia del rector de la UJED, Ram\u00f3n Garc\u00eda Rivera, legisladores locales, l\u00edderes de padres de familia y estudiantes universitarios, quienes se comprometieron a participar activamente en esta cruzada educativa. En un momento emotivo, la educanda Jaqueline Miranda D\u00edaz comparti\u00f3 su experiencia al concluir la secundaria con apoyo del IDEA y de su sobrino, quien la motiv\u00f3 a superarse. \u201cEste programa me dio una oportunidad para mejorar mi vida\u201d, expres\u00f3.<\/p>\n\n\n\n<p>Con este acuerdo, Durango da un paso decisivo hacia un futuro m\u00e1s justo e inclusivo. El programa \u201cUno a uno por un Durango alfabetizado\u201d representa no solo un esfuerzo institucional, sino una alianza social que busca transformar vidas, cerrar brechas y consolidar a Durango como un ejemplo nacional en educaci\u00f3n para adultos.<\/p>\n","protected":false},"excerpt":{"rendered":"<p>* _Con el programa \u201cUno a uno por un Durango alfabetizado\u201d, gobierno y sociedad suman esfuerzos para erradicar el rezago educativo en todo el estado._ * _La estrategia involucra a j\u00f3venes voluntarios, universidades y municipios para ense\u00f1ar a leer y escribir a personas adultas y fortalecer la inclusi\u00f3n social._ Con el compromiso de erradicar el [&hellip;]<\/p>\n","protected":false},"author":1,"featured_media":26688,"comment_status":"open","ping_status":"open","sticky":false,"template":"","format":"standard","meta":{"_monsterinsights_skip_tracking":false,"_monsterinsights_sitenote_active":false,"_monsterinsights_sitenote_note":"","_monsterinsights_sitenote_category":0,"footnotes":""},"categories":[1],"tags":[],"_links":{"self":[{"href":"https:\/\/zonalimitrofe-cbnr.com\/index.php\/wp-json\/wp\/v2\/posts\/26687"}],"collection":[{"href":"https:\/\/zonalimitrofe-cbnr.com\/index.php\/wp-json\/wp\/v2\/posts"}],"about":[{"href":"https:\/\/zonalimitrofe-cbnr.com\/index.php\/wp-json\/wp\/v2\/types\/post"}],"author":[{"embeddable":true,"href":"https:\/\/zonalimitrofe-cbnr.com\/index.php\/wp-json\/wp\/v2\/users\/1"}],"replies":[{"embeddable":true,"href":"https:\/\/zonalimitrofe-cbnr.com\/index.php\/wp-json\/wp\/v2\/comments?post=26687"}],"version-history":[{"count":1,"href":"https:\/\/zonalimitrofe-cbnr.com\/index.php\/wp-json\/wp\/v2\/posts\/26687\/revisions"}],"predecessor-version":[{"id":26689,"href":"https:\/\/zonalimitrofe-cbnr.com\/index.php\/wp-json\/wp\/v2\/posts\/26687\/revisions\/26689"}],"wp:featuredmedia":[{"embeddable":true,"href":"https:\/\/zonalimitrofe-cbnr.com\/index.php\/wp-json\/wp\/v2\/media\/26688"}],"wp:attachment":[{"href":"https:\/\/zonalimitrofe-cbnr.com\/index.php\/wp-json\/wp\/v2\/media?parent=26687"}],"wp:term":[{"taxonomy":"category","embeddable":true,"href":"https:\/\/zonalimitrofe-cbnr.com\/index.php\/wp-json\/wp\/v2\/categories?post=26687"},{"taxonomy":"post_tag","embeddable":true,"href":"https:\/\/zonalimitrofe-cbnr.com\/index.php\/wp-json\/wp\/v2\/tags?post=26687"}],"curies":[{"name":"wp","href":"https:\/\/api.w.org\/{rel}","templated":true}]}}