{"id":26675,"date":"2025-10-31T20:29:08","date_gmt":"2025-11-01T02:29:08","guid":{"rendered":"https:\/\/zonalimitrofe-cbnr.com\/?p=26675"},"modified":"2025-10-31T20:29:08","modified_gmt":"2025-11-01T02:29:08","slug":"durango-es-sede-de-la-conferencia-nacional-de-procuracion-de-justicia-de-las-zonas-noreste-y-noroeste-reconocen-trabajo-del-gobernador-por-la-seguridad-de-la-entidad","status":"publish","type":"post","link":"https:\/\/zonalimitrofe-cbnr.com\/index.php\/2025\/10\/31\/durango-es-sede-de-la-conferencia-nacional-de-procuracion-de-justicia-de-las-zonas-noreste-y-noroeste-reconocen-trabajo-del-gobernador-por-la-seguridad-de-la-entidad\/","title":{"rendered":"#Durango es sede de la Conferencia Nacional de Procuraci\u00f3n de Justicia de las Zonas Noreste y Noroeste; reconocen trabajo del Gobernador por la Seguridad de la entidad*"},"content":{"rendered":"\n<p>* _El gobernador Esteban Villegas reafirma compromiso para fortalecer la procuraci\u00f3n de justicia y la seguridad ciudadana._<\/p>\n\n\n\n<p>* _Durango brinda gran apoyo pericial para fortalecer las investigaciones: Fiscal Especializado de Control Regional_<\/p>\n\n\n\n<p>Durango es uno de los estados m\u00e1s seguros del pa\u00eds por su baja tasa de incidencia delictiva, de acuerdo con la Encuesta Nacional de Victimizaci\u00f3n y Percepci\u00f3n sobre Seguridad P\u00fablica del INEGI y los \u00cdndices de Paz de M\u00e9xico, asegur\u00f3 el gobernador Esteban Villegas Villarreal durante la inauguraci\u00f3n de la Segunda Sesi\u00f3n Ordinaria 2025 de las Zonas Noreste y Noroeste, acompa\u00f1ado del titular de la Fiscal\u00eda Especializada de Control Regional, Germ\u00e1n Adolfo Castillo Banuet.<\/p>\n\n\n\n<p>En Durango estamos blindados contra la inseguridad, gracias a la coordinaci\u00f3n interinstitucional de las Fuerzas Armadas, la Guardia Nacional y los elementos de Seguridad P\u00fablica estatal y municipal; y as\u00ed como estamos en Durango, queremos que los otros 10 estados que integran las zonas Noreste y Noroeste de la Conferencia Nacional de Procuraci\u00f3n de Justicia tengan la misma defensa leg\u00edtima y la intervenci\u00f3n inmediata ante situaciones de emergencia, destac\u00f3 el mandatario estatal.<\/p>\n\n\n\n<p>Ante fiscales de Tamaulipas, Sonora, Coahuila, Nuevo Le\u00f3n, San Luis Potos\u00ed, Zacatecas, Baja California, Chihuahua y Sinaloa, el gobernador agradeci\u00f3 la participaci\u00f3n en esta Segunda Sesi\u00f3n Ordinaria 2025, que tiene como objetivo sumar esfuerzos para afrontar los desaf\u00edos actuales y futuros con legalidad, justicia y apego a los derechos, con la determinaci\u00f3n que siempre caracteriza a todas las fiscal\u00edas.<\/p>\n\n\n\n<p>Por su parte, Germ\u00e1n Adolfo Castillo Banuet, titular de la Fiscal\u00eda Especializada de Control Regional y presidente de la Conferencia Nacional de Procuraci\u00f3n de Justicia, agradeci\u00f3 al gobernador su compromiso para mantener la supremac\u00eda constitucional. \u201cEn Durango brindan un gran apoyo a la Fiscal\u00eda General de la Rep\u00fablica para trabajar en coordinaci\u00f3n por la seguridad de los ciudadanos\u201d, afirm\u00f3.<\/p>\n\n\n\n<p>Inform\u00f3 que en Durango se brinda apoyo con servicios periciales que son muy necesarios para la integraci\u00f3n de las investigaciones, adem\u00e1s de contar con una gran coordinaci\u00f3n para cualquier tipo de caso. Apunt\u00f3 que en esta reuni\u00f3n se establecer\u00e1n mecanismos nacionales de medici\u00f3n de las fiscal\u00edas del pa\u00eds y se generar\u00e1 la trazabilidad de los casos, con un control de la actividad de cada fiscal\u00eda.<\/p>\n\n\n\n<p>La fiscal Sonia Yadira de la Garza Fragoso coment\u00f3 que en esta reuni\u00f3n se trabajar\u00e1 en los temas que se deben resolver en materia de procuraci\u00f3n de justicia, as\u00ed como en la armonizaci\u00f3n de las leyes en temas de secuestro, extorsi\u00f3n y personas no localizadas, adem\u00e1s de las reformas recientes a la Ley de Amparo y los beneficios que se obtendr\u00e1n de ellas.<\/p>\n\n\n\n<p>En este evento estuvieron presentes el representante de la zona Noreste y fiscal de Tamaulipas, Irving Barrios Mojica; el representante de la zona Noroeste y fiscal de Sonora, Gustavo R\u00f3mulo Salas Ch\u00e1vez; el presidente municipal, Jos\u00e9 Antonio Ochoa; el presidente de la Junta de Gobierno y Coordinaci\u00f3n Pol\u00edtica del Congreso, Ernesto Alan\u00eds Herrera; la magistrada presidenta del Tribunal de Disciplina Judicial, Selene Soto Rodr\u00edguez; el titular de la Unidad Antisecuestro y Antiextorsi\u00f3n de la Secretar\u00eda de Seguridad P\u00fablica y Protecci\u00f3n Ciudadana, Antonio de Jes\u00fas Lozada Gonz\u00e1lez, y Juan Eduardo Polaco N\u00fa\u00f1ez, enlace jur\u00eddico de la Coordinaci\u00f3n Estatal de la Guardia Nacional.<\/p>\n","protected":false},"excerpt":{"rendered":"<p>* _El gobernador Esteban Villegas reafirma compromiso para fortalecer la procuraci\u00f3n de justicia y la seguridad ciudadana._ * _Durango brinda gran apoyo pericial para fortalecer las investigaciones: Fiscal Especializado de Control Regional_ Durango es uno de los estados m\u00e1s seguros del pa\u00eds por su baja tasa de incidencia delictiva, de acuerdo con la Encuesta Nacional [&hellip;]<\/p>\n","protected":false},"author":1,"featured_media":26676,"comment_status":"open","ping_status":"open","sticky":false,"template":"","format":"standard","meta":{"_monsterinsights_skip_tracking":false,"_monsterinsights_sitenote_active":false,"_monsterinsights_sitenote_note":"","_monsterinsights_sitenote_category":0,"footnotes":""},"categories":[1],"tags":[],"_links":{"self":[{"href":"https:\/\/zonalimitrofe-cbnr.com\/index.php\/wp-json\/wp\/v2\/posts\/26675"}],"collection":[{"href":"https:\/\/zonalimitrofe-cbnr.com\/index.php\/wp-json\/wp\/v2\/posts"}],"about":[{"href":"https:\/\/zonalimitrofe-cbnr.com\/index.php\/wp-json\/wp\/v2\/types\/post"}],"author":[{"embeddable":true,"href":"https:\/\/zonalimitrofe-cbnr.com\/index.php\/wp-json\/wp\/v2\/users\/1"}],"replies":[{"embeddable":true,"href":"https:\/\/zonalimitrofe-cbnr.com\/index.php\/wp-json\/wp\/v2\/comments?post=26675"}],"version-history":[{"count":1,"href":"https:\/\/zonalimitrofe-cbnr.com\/index.php\/wp-json\/wp\/v2\/posts\/26675\/revisions"}],"predecessor-version":[{"id":26677,"href":"https:\/\/zonalimitrofe-cbnr.com\/index.php\/wp-json\/wp\/v2\/posts\/26675\/revisions\/26677"}],"wp:featuredmedia":[{"embeddable":true,"href":"https:\/\/zonalimitrofe-cbnr.com\/index.php\/wp-json\/wp\/v2\/media\/26676"}],"wp:attachment":[{"href":"https:\/\/zonalimitrofe-cbnr.com\/index.php\/wp-json\/wp\/v2\/media?parent=26675"}],"wp:term":[{"taxonomy":"category","embeddable":true,"href":"https:\/\/zonalimitrofe-cbnr.com\/index.php\/wp-json\/wp\/v2\/categories?post=26675"},{"taxonomy":"post_tag","embeddable":true,"href":"https:\/\/zonalimitrofe-cbnr.com\/index.php\/wp-json\/wp\/v2\/tags?post=26675"}],"curies":[{"name":"wp","href":"https:\/\/api.w.org\/{rel}","templated":true}]}}