{"id":26669,"date":"2025-10-31T20:21:50","date_gmt":"2025-11-01T02:21:50","guid":{"rendered":"https:\/\/zonalimitrofe-cbnr.com\/?p=26669"},"modified":"2025-10-31T20:21:51","modified_gmt":"2025-11-01T02:21:51","slug":"uadec-invita-uadec-a-participar-en-la-quinta-jornada-de-internacionalizacion-de-educacion-innovacion-y-desarrollo-educativo","status":"publish","type":"post","link":"https:\/\/zonalimitrofe-cbnr.com\/index.php\/2025\/10\/31\/uadec-invita-uadec-a-participar-en-la-quinta-jornada-de-internacionalizacion-de-educacion-innovacion-y-desarrollo-educativo\/","title":{"rendered":"#UAdeC. Invita UAdeC a Participar en la Quinta Jornada de Internacionalizaci\u00f3n de Educaci\u00f3n, Innovaci\u00f3n y Desarrollo Educativo"},"content":{"rendered":"\n<p>SALTILLO, Coahuila. 31 de octubre de 2025. La Universidad Aut\u00f3noma de Coahuila a trav\u00e9s de la Coordinaci\u00f3n General de Relaciones Internacionales y la Facultad de Ciencia, Educaci\u00f3n y Humanidades, invita a la Quinta Jornada de Internacionalizaci\u00f3n de Educaci\u00f3n, Innovaci\u00f3n y Desarrollo Educativo el 5 de noviembre de 2025, donde se tendr\u00e1 la conferencia magistral \u201cLa cooperaci\u00f3n acad\u00e9mica y cient\u00edfica como puente entre M\u00e9xico y Francia&#8221;, un panel de expertos sobre movilidad acad\u00e9mica y talleres.<\/p>\n\n\n\n<p>En rueda de prensa dieron a conocer los detalles, la responsable de Movilidad Internacional de la Coordinaci\u00f3n General de Relaciones Internacionales, Cecilia Garc\u00eda, el profesor de la Facultad de Ciencia, Educaci\u00f3n y Humanidades, Juan Jos\u00e9 Mendoza y los estudiantes, Misael Palomo, Julieta Barca, Diego Ram\u00edrez y Yadira Tapia.<\/p>\n\n\n\n<p>Comentaron que las actividades iniciar\u00e1n a las 10:00 horas en el Auditorio \u201cJes\u00fas Ochoa Ruesga\u201d en Unidad Camporredondo, con la conferencia magistral que ser\u00e1 impartida por el encargado de cooperaci\u00f3n universitaria y cient\u00edfica del Consulado General de Francia en Monterrey Dr. Benjam\u00edn Rontard.<\/p>\n\n\n\n<p>El Dr. Benjam\u00edn Rontard es economista con una Maestr\u00eda en Desarrollo Sustentable (CERDI, Francia) y Doctorado en Ciencias Ambientales (UASLP), ha sido profesor-investigador y responsable de relaciones acad\u00e9micas con Francia en la UASLP, adem\u00e1s de C\u00f3nsul Honorario de Francia en San Luis Potos\u00ed y fundador del Instituto Potosino Franc\u00e9s.<\/p>\n\n\n\n<p>Actualmente, se desempe\u00f1a como encargado de Cooperaci\u00f3n Universitaria y Cient\u00edfica en el Consulado General de Francia en Monterrey, promoviendo v\u00ednculos acad\u00e9micos y de investigaci\u00f3n entre instituciones del noreste de M\u00e9xico y Francia.<\/p>\n\n\n\n<p>Posteriormente a las 10:40 horas se llevar\u00e1 a cabo el panel de expertos en donde se hablar\u00e1 de la movilidad acad\u00e9mica, mientras que de 12:45 a 14:00 horas en las instalaciones de la Facultad de Ciencia, Educaci\u00f3n y Humanidades, se impartir\u00e1n los talleres \u201cLobos internacionales: Explorando nuevas fronteras acad\u00e9micas\u201d, \u201cSpeaking english as a global tool\u201d y \u201cConstruyendo soluciones\u201d.<\/p>\n\n\n\n<p>Para m\u00e1s informaci\u00f3n visitar la p\u00e1gina de Facebook Relaciones Internacionales UAdeC Oficial o llamar a los tel\u00e9fonos (844) 415 3077 y (844) 416 9995.<\/p>\n","protected":false},"excerpt":{"rendered":"<p>SALTILLO, Coahuila. 31 de octubre de 2025. La Universidad Aut\u00f3noma de Coahuila a trav\u00e9s de la Coordinaci\u00f3n General de Relaciones Internacionales y la Facultad de Ciencia, Educaci\u00f3n y Humanidades, invita a la Quinta Jornada de Internacionalizaci\u00f3n de Educaci\u00f3n, Innovaci\u00f3n y Desarrollo Educativo el 5 de noviembre de 2025, donde se tendr\u00e1 la conferencia magistral \u201cLa [&hellip;]<\/p>\n","protected":false},"author":1,"featured_media":26670,"comment_status":"open","ping_status":"open","sticky":false,"template":"","format":"standard","meta":{"_monsterinsights_skip_tracking":false,"_monsterinsights_sitenote_active":false,"_monsterinsights_sitenote_note":"","_monsterinsights_sitenote_category":0,"footnotes":""},"categories":[1],"tags":[],"_links":{"self":[{"href":"https:\/\/zonalimitrofe-cbnr.com\/index.php\/wp-json\/wp\/v2\/posts\/26669"}],"collection":[{"href":"https:\/\/zonalimitrofe-cbnr.com\/index.php\/wp-json\/wp\/v2\/posts"}],"about":[{"href":"https:\/\/zonalimitrofe-cbnr.com\/index.php\/wp-json\/wp\/v2\/types\/post"}],"author":[{"embeddable":true,"href":"https:\/\/zonalimitrofe-cbnr.com\/index.php\/wp-json\/wp\/v2\/users\/1"}],"replies":[{"embeddable":true,"href":"https:\/\/zonalimitrofe-cbnr.com\/index.php\/wp-json\/wp\/v2\/comments?post=26669"}],"version-history":[{"count":1,"href":"https:\/\/zonalimitrofe-cbnr.com\/index.php\/wp-json\/wp\/v2\/posts\/26669\/revisions"}],"predecessor-version":[{"id":26671,"href":"https:\/\/zonalimitrofe-cbnr.com\/index.php\/wp-json\/wp\/v2\/posts\/26669\/revisions\/26671"}],"wp:featuredmedia":[{"embeddable":true,"href":"https:\/\/zonalimitrofe-cbnr.com\/index.php\/wp-json\/wp\/v2\/media\/26670"}],"wp:attachment":[{"href":"https:\/\/zonalimitrofe-cbnr.com\/index.php\/wp-json\/wp\/v2\/media?parent=26669"}],"wp:term":[{"taxonomy":"category","embeddable":true,"href":"https:\/\/zonalimitrofe-cbnr.com\/index.php\/wp-json\/wp\/v2\/categories?post=26669"},{"taxonomy":"post_tag","embeddable":true,"href":"https:\/\/zonalimitrofe-cbnr.com\/index.php\/wp-json\/wp\/v2\/tags?post=26669"}],"curies":[{"name":"wp","href":"https:\/\/api.w.org\/{rel}","templated":true}]}}