{"id":26662,"date":"2025-10-31T10:52:50","date_gmt":"2025-10-31T16:52:50","guid":{"rendered":"https:\/\/zonalimitrofe-cbnr.com\/?p=26662"},"modified":"2025-10-31T10:52:51","modified_gmt":"2025-10-31T16:52:51","slug":"lerdo-susy-torrecillas-invito-a-la-poblacion-a-preservar-las-tradiciones-mexicanas","status":"publish","type":"post","link":"https:\/\/zonalimitrofe-cbnr.com\/index.php\/2025\/10\/31\/lerdo-susy-torrecillas-invito-a-la-poblacion-a-preservar-las-tradiciones-mexicanas\/","title":{"rendered":"#Lerdo. SUSY TORRECILLAS INVIT\u00d3 A LA POBLACI\u00d3N A PRESERVAR LAS TRADICIONES MEXICANAS*"},"content":{"rendered":"\n<p>Lerdo, 31 de octubre 2025.- Con motivo de las festividades del D\u00eda de Muertos, la Presidenta Municipal de Lerdo, Susy Carolina Torrecillas Salazar, invit\u00f3 a la poblaci\u00f3n a celebrar en familia y preservar las tradiciones que dan identidad al pueblo mexicano.<\/p>\n\n\n\n<p>La Alcaldesa destac\u00f3 que, ante la cercan\u00eda del 1 y 2 de noviembre, en la ciudad prevalece un ambiente de tranquilidad y paz, por lo que extendi\u00f3 una invitaci\u00f3n a los laguneros a disfrutar de los destinos tur\u00edsticos y culturales que ofrece Lerdo durante estas fechas.<\/p>\n\n\n\n<p>Asimismo, inform\u00f3 que los panteones del municipio se encuentran listos para recibir a miles de lerdenses que acuden a visitar a sus seres queridos.<\/p>\n\n\n\n<p>\u201cEl d\u00eda de ayer estuve con la Polic\u00eda Estatal, Municipal y el Mando Especial; todos se encuentran preparados para estas festividades. He pedido que est\u00e9n muy al pendiente de Lerdo\u201d, resalt\u00f3 la Presidenta Municipal.<\/p>\n\n\n\n<p>En relaci\u00f3n con la celebraci\u00f3n de Halloween, este 31 de octubre, la Alcaldesa se\u00f1al\u00f3 que se implementar\u00e1n operativos de vigilancia para garantizar el orden y la seguridad en la v\u00eda p\u00fablica, exhortando a los padres de familia a mantener la supervisi\u00f3n de sus hijos durante las actividades nocturnas.<\/p>\n\n\n\n<p>Finalmente, inform\u00f3 que, al interior de los panteones, la direcci\u00f3n de Protecci\u00f3n Civil ha delimitado con cinta amarilla las zonas de riesgo con el fin de prevenir accidentes entre los visitantes.<\/p>\n","protected":false},"excerpt":{"rendered":"<p>Lerdo, 31 de octubre 2025.- Con motivo de las festividades del D\u00eda de Muertos, la Presidenta Municipal de Lerdo, Susy Carolina Torrecillas Salazar, invit\u00f3 a la poblaci\u00f3n a celebrar en familia y preservar las tradiciones que dan identidad al pueblo mexicano. La Alcaldesa destac\u00f3 que, ante la cercan\u00eda del 1 y 2 de noviembre, en [&hellip;]<\/p>\n","protected":false},"author":1,"featured_media":26663,"comment_status":"open","ping_status":"open","sticky":false,"template":"","format":"standard","meta":{"_monsterinsights_skip_tracking":false,"_monsterinsights_sitenote_active":false,"_monsterinsights_sitenote_note":"","_monsterinsights_sitenote_category":0,"footnotes":""},"categories":[1],"tags":[],"_links":{"self":[{"href":"https:\/\/zonalimitrofe-cbnr.com\/index.php\/wp-json\/wp\/v2\/posts\/26662"}],"collection":[{"href":"https:\/\/zonalimitrofe-cbnr.com\/index.php\/wp-json\/wp\/v2\/posts"}],"about":[{"href":"https:\/\/zonalimitrofe-cbnr.com\/index.php\/wp-json\/wp\/v2\/types\/post"}],"author":[{"embeddable":true,"href":"https:\/\/zonalimitrofe-cbnr.com\/index.php\/wp-json\/wp\/v2\/users\/1"}],"replies":[{"embeddable":true,"href":"https:\/\/zonalimitrofe-cbnr.com\/index.php\/wp-json\/wp\/v2\/comments?post=26662"}],"version-history":[{"count":1,"href":"https:\/\/zonalimitrofe-cbnr.com\/index.php\/wp-json\/wp\/v2\/posts\/26662\/revisions"}],"predecessor-version":[{"id":26664,"href":"https:\/\/zonalimitrofe-cbnr.com\/index.php\/wp-json\/wp\/v2\/posts\/26662\/revisions\/26664"}],"wp:featuredmedia":[{"embeddable":true,"href":"https:\/\/zonalimitrofe-cbnr.com\/index.php\/wp-json\/wp\/v2\/media\/26663"}],"wp:attachment":[{"href":"https:\/\/zonalimitrofe-cbnr.com\/index.php\/wp-json\/wp\/v2\/media?parent=26662"}],"wp:term":[{"taxonomy":"category","embeddable":true,"href":"https:\/\/zonalimitrofe-cbnr.com\/index.php\/wp-json\/wp\/v2\/categories?post=26662"},{"taxonomy":"post_tag","embeddable":true,"href":"https:\/\/zonalimitrofe-cbnr.com\/index.php\/wp-json\/wp\/v2\/tags?post=26662"}],"curies":[{"name":"wp","href":"https:\/\/api.w.org\/{rel}","templated":true}]}}