{"id":26646,"date":"2025-10-30T18:54:40","date_gmt":"2025-10-31T00:54:40","guid":{"rendered":"https:\/\/zonalimitrofe-cbnr.com\/?p=26646"},"modified":"2025-10-30T18:54:40","modified_gmt":"2025-10-31T00:54:40","slug":"la-presa-tunal-ii-un-gran-reto-en-equipo-y-una-gestion-de-muchos-anos-esteban-villegas","status":"publish","type":"post","link":"https:\/\/zonalimitrofe-cbnr.com\/index.php\/2025\/10\/30\/la-presa-tunal-ii-un-gran-reto-en-equipo-y-una-gestion-de-muchos-anos-esteban-villegas\/","title":{"rendered":"La Presa Tunal II, un gran reto en equipo y una gesti\u00f3n de muchos a\u00f1os: Esteban Villegas*"},"content":{"rendered":"\n<p>* _El gobernador relat\u00f3 que esta obra, esperada por m\u00e1s de 70 a\u00f1os, fue resultado de a\u00f1os de insistencia, planeaci\u00f3n y trabajo conjunto._<\/p>\n\n\n\n<p>* _Con el respaldo de la presidenta Claudia Sheinbaum, el proyecto garantizar\u00e1 agua limpia, salud y desarrollo econ\u00f3mico para las pr\u00f3ximas generaciones._<\/p>\n\n\n\n<p>Para el gobernador Esteban Villegas Villarreal, la Presa Tunal II representa uno de los mayores logros de su administraci\u00f3n y un gran reto personal que llev\u00f3 a\u00f1os de gestiones, planeaci\u00f3n y persistencia. Tras d\u00e9cadas de intentos, y con el respaldo de la presidenta Claudia Sheinbaum Pardo, el mandatario logr\u00f3 concretar el arranque de esta obra hidr\u00e1ulica hist\u00f3rica que transformar\u00e1 el futuro h\u00eddrico y econ\u00f3mico de Durango. \u201cFue una gesti\u00f3n de muchos a\u00f1os, de insistir, de no rendirnos y de tocar todas las puertas necesarias. Hoy podemos decir con orgullo que lo logramos: Durango tendr\u00e1 agua limpia y segura por los pr\u00f3ximos 50 a\u00f1os\u201d, expres\u00f3.<\/p>\n\n\n\n<p>Esteban Villegas record\u00f3 que este sue\u00f1o naci\u00f3 dentro del programa Agua Futura para Durango, del cual form\u00f3 parte cuando fue alcalde de la capital. En aquel tiempo, se dise\u00f1\u00f3 el sistema completo: construir la presa, instalar una estaci\u00f3n de bombeo para captar el agua almacenada, llevarla a una planta potabilizadora y, desde ah\u00ed, distribuirla por gravedad a los diferentes macrotanques que alimentan la ciudad. \u201cEse era el proyecto original: captar, potabilizar y distribuir sin depender de los pozos, que hoy tienen fl\u00faor y ars\u00e9nico y afectan la salud de los duranguenses\u201d, explic\u00f3.<\/p>\n\n\n\n<p>Villegas Villarreal relat\u00f3 que durante a\u00f1os se avanz\u00f3 en partes del sistema \u2014como la construcci\u00f3n de macrotanques y l\u00edneas de conducci\u00f3n\u2014, pero la falta de la presa y de la planta potabilizadora imped\u00eda que llegara agua limpia. \u201cCuando fui alcalde, logramos negociar derechos de agua de la presa Guadalupe Victoria, que era de uso agr\u00edcola, para consumo humano; pero nunca se complet\u00f3 el circuito. Hoy, despu\u00e9s de mucho trabajo y gestiones, lo estamos logrando\u201d, afirm\u00f3.<\/p>\n\n\n\n<p>La soluci\u00f3n lleg\u00f3 cuando, ya como gobernador, decidi\u00f3 dividir el megaproyecto en etapas. Primero gestion\u00f3 con el entonces presidente Andr\u00e9s Manuel L\u00f3pez Obrador la construcci\u00f3n de la planta potabilizadora, demostrando que se trataba de un problema de salud p\u00fablica. Esa planta ya est\u00e1 en operaci\u00f3n y distribuye agua limpia hacia los tanques gemelos, Tapias y La Virgen, lo que permite que miles de familias que antes recib\u00edan agua por horas ahora la tengan todos los d\u00edas, las 24 horas.<\/p>\n\n\n\n<p>Con el inicio de la Presa Tunal II, se completa el sistema integral. La obra contempla el desv\u00edo del r\u00edo para permitir la construcci\u00f3n de una cortina de casi 100 metros de altura, con una capacidad de almacenamiento que duplica la de la presa Guadalupe Victoria. A trav\u00e9s de una estaci\u00f3n de bombeo, el agua captada ser\u00e1 enviada a la potabilizadora y de ah\u00ed conducida por gravedad hacia los macrotanques de distribuci\u00f3n, garantizando el suministro constante y seguro para toda la capital. \u201cEsta presa ser\u00e1 100 % para consumo humano, regular\u00e1 los escurrimientos y evitar\u00e1 inundaciones; adem\u00e1s, nos permitir\u00e1 apagar los pozos y dejar que se recarguen los mantos acu\u00edferos\u201d, detall\u00f3.<\/p>\n\n\n\n<p>Villegas Villarreal subray\u00f3 que esta infraestructura permitir\u00e1 asegurar agua limpia y constante por los pr\u00f3ximos 50 o 70 a\u00f1os y, al mismo tiempo, detonar\u00e1 el desarrollo econ\u00f3mico de Durango. \u201cHoy puedo hablar con empresas que antes dudaban en instalarse porque no hab\u00eda agua. Ahora saben que Durango tiene futuro, que puede crecer con estabilidad, con energ\u00eda, gas natural y seguridad\u201d, se\u00f1al\u00f3.<\/p>\n\n\n\n<p>Finalmente, el gobernador agradeci\u00f3 la confianza del Gobierno Federal y el respaldo de la presidenta Claudia Sheinbaum, as\u00ed como la colaboraci\u00f3n de los ejidatarios y el apoyo de las familias duranguenses. \u201cEsta presa no tiene colores ni partidos; es un logro de todos. Es el fruto de a\u00f1os de insistencia, de noches sin dormir y del amor que los duranguenses tenemos por nuestra tierra. Durango tendr\u00e1 agua, tendr\u00e1 progreso y tendr\u00e1 futuro\u201d, concluy\u00f3.<br><\/p>\n","protected":false},"excerpt":{"rendered":"<p>* _El gobernador relat\u00f3 que esta obra, esperada por m\u00e1s de 70 a\u00f1os, fue resultado de a\u00f1os de insistencia, planeaci\u00f3n y trabajo conjunto._ * _Con el respaldo de la presidenta Claudia Sheinbaum, el proyecto garantizar\u00e1 agua limpia, salud y desarrollo econ\u00f3mico para las pr\u00f3ximas generaciones._ Para el gobernador Esteban Villegas Villarreal, la Presa Tunal II [&hellip;]<\/p>\n","protected":false},"author":1,"featured_media":26647,"comment_status":"open","ping_status":"open","sticky":false,"template":"","format":"standard","meta":{"_monsterinsights_skip_tracking":false,"_monsterinsights_sitenote_active":false,"_monsterinsights_sitenote_note":"","_monsterinsights_sitenote_category":0,"footnotes":""},"categories":[1],"tags":[],"_links":{"self":[{"href":"https:\/\/zonalimitrofe-cbnr.com\/index.php\/wp-json\/wp\/v2\/posts\/26646"}],"collection":[{"href":"https:\/\/zonalimitrofe-cbnr.com\/index.php\/wp-json\/wp\/v2\/posts"}],"about":[{"href":"https:\/\/zonalimitrofe-cbnr.com\/index.php\/wp-json\/wp\/v2\/types\/post"}],"author":[{"embeddable":true,"href":"https:\/\/zonalimitrofe-cbnr.com\/index.php\/wp-json\/wp\/v2\/users\/1"}],"replies":[{"embeddable":true,"href":"https:\/\/zonalimitrofe-cbnr.com\/index.php\/wp-json\/wp\/v2\/comments?post=26646"}],"version-history":[{"count":1,"href":"https:\/\/zonalimitrofe-cbnr.com\/index.php\/wp-json\/wp\/v2\/posts\/26646\/revisions"}],"predecessor-version":[{"id":26648,"href":"https:\/\/zonalimitrofe-cbnr.com\/index.php\/wp-json\/wp\/v2\/posts\/26646\/revisions\/26648"}],"wp:featuredmedia":[{"embeddable":true,"href":"https:\/\/zonalimitrofe-cbnr.com\/index.php\/wp-json\/wp\/v2\/media\/26647"}],"wp:attachment":[{"href":"https:\/\/zonalimitrofe-cbnr.com\/index.php\/wp-json\/wp\/v2\/media?parent=26646"}],"wp:term":[{"taxonomy":"category","embeddable":true,"href":"https:\/\/zonalimitrofe-cbnr.com\/index.php\/wp-json\/wp\/v2\/categories?post=26646"},{"taxonomy":"post_tag","embeddable":true,"href":"https:\/\/zonalimitrofe-cbnr.com\/index.php\/wp-json\/wp\/v2\/tags?post=26646"}],"curies":[{"name":"wp","href":"https:\/\/api.w.org\/{rel}","templated":true}]}}