{"id":2664,"date":"2024-03-08T17:27:48","date_gmt":"2024-03-08T23:27:48","guid":{"rendered":"https:\/\/zonalimitrofe-cbnr.com\/?p=2664"},"modified":"2024-03-08T17:27:48","modified_gmt":"2024-03-08T23:27:48","slug":"torreon-revisan-medidas-preventivas-y-de-proteccion-para-la-ciudadania","status":"publish","type":"post","link":"https:\/\/zonalimitrofe-cbnr.com\/index.php\/2024\/03\/08\/torreon-revisan-medidas-preventivas-y-de-proteccion-para-la-ciudadania\/","title":{"rendered":"#Torre\u00f3n. Revisan medidas preventivas y de protecci\u00f3n para la ciudadan\u00eda"},"content":{"rendered":"\n<p>Torre\u00f3n, Coahuila. A 08 de marzo de 2024.<\/p>\n\n\n\n<p>Durante la d\u00e9cima reuni\u00f3n semanal de seguridad, presidida por Natalia Guadalupe Fern\u00e1ndez Mart\u00ednez, secretaria del Ayuntamiento de Torre\u00f3n, en representaci\u00f3n del alcalde Rom\u00e1n Alberto Cepeda Gonz\u00e1lez, fueron analizadas las acciones preventivas y de protecci\u00f3n para la ciudadan\u00eda con motivo de la actual temporada.<\/p>\n\n\n\n<p>En ese sentido se abordaron los trabajos de supervisi\u00f3n de los canales de riego en la ciudad, as\u00ed como las revisiones en quintas, albercas y salones de fiestas.<\/p>\n\n\n\n<p>Jorge Luis Ju\u00e1rez Llanas, director de la Protecci\u00f3n Civil y Bomberos de Torre\u00f3n, inform\u00f3 que ante la apertura de las compuertas de las presas para el primer ciclo de riego, programada por la Comisi\u00f3n Nacional del Agua (CONAGUA) para este fin de semana, la labor de la autoridad municipal ser\u00e1 de vigilancia permanente en conjunto con Seguridad P\u00fablica.<\/p>\n\n\n\n<p>\u201cSe har\u00e1n operativos en las ma\u00f1anas, tarde y noche, como en a\u00f1os anteriores, para la seguridad de la poblaci\u00f3n, recordarles que est\u00e1 prohibido introducirse a los canales por el riesgo que conlleva\u201d, coment\u00f3 el funcionario.<\/p>\n\n\n\n<p>Mencion\u00f3 que al ser una falta administrativa, se tendr\u00e1 coordinaci\u00f3n con Seguridad P\u00fablica Municipal, para que den el seguimiento correspondiente.<\/p>\n\n\n\n<p>Por otro lado, tambi\u00e9n se inform\u00f3 que iniciaron los operativos de revisi\u00f3n a quintas, albercas y salones de fiestas, para hacer las primeras recomendaciones antes de que abran al p\u00fablico, y verificar que cumplan con las condiciones de seguridad para la ciudadan\u00eda, como son el que tengan personal capacitado en la atenci\u00f3n como primeros respondientes en caso de alg\u00fan accidente, as\u00ed como las instalaciones el\u00e9ctricas debidas.<\/p>\n\n\n\n<p>En cuanto al \u00edndice general de incidencia delictiva, correspondiente al periodo del 01 al 07 de marzo, el comandante H\u00e9ctor Alonso Alba \u00c1valos, director operativo de la Polic\u00eda Municipal, inform\u00f3 que no registraron variaci\u00f3n respecto a la semana anterior el robo a transportista, robo de accesorio de veh\u00edculo sin violencia, y robo a persona sin violencia, registr\u00e1ndose un evento de cada uno.<\/p>\n\n\n\n<p>Adem\u00e1s, se present\u00f3 un evento de robo a local comercial con violencia, uno menos que la semana anterior.<\/p>\n\n\n\n<p>La Polic\u00eda Municipal efectu\u00f3 88 detenciones que fueron turnadas al Ministerio P\u00fablico y 170 remitidas al Juez Calificador.<\/p>\n\n\n\n<p>El Grupo de Reacci\u00f3n Torre\u00f3n realiz\u00f3 18 detenciones relacionadas con la posesi\u00f3n de narc\u00f3ticos.<\/p>\n\n\n\n<p>Luis Alberto Morales Cort\u00e9s, director de Vialidad y Movilidad Urbana, dijo que el personal de la dependencia, junto con La Ola, realiz\u00f3 la limpieza de m\u00e1s de un kil\u00f3metro de ambos sentidos de la ciclov\u00eda de la calzada Col\u00f3n, para mejorar sus condiciones de uso.<\/p>\n\n\n\n<p>Martha Esther Rodr\u00edguez Romero, presidenta del Tribunal de Justicia Municipal, report\u00f3 que las principales causas de ingreso al Centro de Detenci\u00f3n Temporal fueron por alterar el orden en la v\u00eda p\u00fablica, persona intoxicada, injurias, difamaci\u00f3n y calumnias, as\u00ed como alterar el orden en la v\u00eda p\u00fablica en estado de ebriedad.<\/p>\n\n\n\n<p>Jorge Luis Ju\u00e1rez Llanas, director de protecci\u00f3n Civil y Bomberos, coment\u00f3 tambi\u00e9n que se atendi\u00f3 el reporte de una persona con intenci\u00f3n suicida en el fraccionamiento El Tajito, dijo que al llegar los elementos se percataron que se trataba de un menor de edad, quien manifest\u00f3 tener problemas psicol\u00f3gicos, por lo que se hizo cargo la Unidad de V\u00edctimas de la Polic\u00eda Municipal.<\/p>\n\n\n\n<p>Ra\u00fal Gerardo Rodr\u00edguez Garc\u00eda, director de Inspecci\u00f3n y Verificaci\u00f3n, inform\u00f3 que contin\u00faa en marcha el operativo \u201cHoteles y moteles\u201d, mediante el cual se revisa que este tipo de establecimientos cuenten con su papeler\u00eda en regla, y operen apegados a los reglamentos. De las 7 visitas realizadas durante la semana, resultaron cuatro invitaciones a subsanar observaciones y tres se encontraron en regla.<\/p>\n","protected":false},"excerpt":{"rendered":"<p>Torre\u00f3n, Coahuila. A 08 de marzo de 2024. Durante la d\u00e9cima reuni\u00f3n semanal de seguridad, presidida por Natalia Guadalupe Fern\u00e1ndez Mart\u00ednez, secretaria del Ayuntamiento de Torre\u00f3n, en representaci\u00f3n del alcalde Rom\u00e1n Alberto Cepeda Gonz\u00e1lez, fueron analizadas las acciones preventivas y de protecci\u00f3n para la ciudadan\u00eda con motivo de la actual temporada. En ese sentido se [&hellip;]<\/p>\n","protected":false},"author":1,"featured_media":2665,"comment_status":"open","ping_status":"open","sticky":false,"template":"","format":"standard","meta":{"_monsterinsights_skip_tracking":false,"_monsterinsights_sitenote_active":false,"_monsterinsights_sitenote_note":"","_monsterinsights_sitenote_category":0,"footnotes":""},"categories":[1],"tags":[],"_links":{"self":[{"href":"https:\/\/zonalimitrofe-cbnr.com\/index.php\/wp-json\/wp\/v2\/posts\/2664"}],"collection":[{"href":"https:\/\/zonalimitrofe-cbnr.com\/index.php\/wp-json\/wp\/v2\/posts"}],"about":[{"href":"https:\/\/zonalimitrofe-cbnr.com\/index.php\/wp-json\/wp\/v2\/types\/post"}],"author":[{"embeddable":true,"href":"https:\/\/zonalimitrofe-cbnr.com\/index.php\/wp-json\/wp\/v2\/users\/1"}],"replies":[{"embeddable":true,"href":"https:\/\/zonalimitrofe-cbnr.com\/index.php\/wp-json\/wp\/v2\/comments?post=2664"}],"version-history":[{"count":1,"href":"https:\/\/zonalimitrofe-cbnr.com\/index.php\/wp-json\/wp\/v2\/posts\/2664\/revisions"}],"predecessor-version":[{"id":2666,"href":"https:\/\/zonalimitrofe-cbnr.com\/index.php\/wp-json\/wp\/v2\/posts\/2664\/revisions\/2666"}],"wp:featuredmedia":[{"embeddable":true,"href":"https:\/\/zonalimitrofe-cbnr.com\/index.php\/wp-json\/wp\/v2\/media\/2665"}],"wp:attachment":[{"href":"https:\/\/zonalimitrofe-cbnr.com\/index.php\/wp-json\/wp\/v2\/media?parent=2664"}],"wp:term":[{"taxonomy":"category","embeddable":true,"href":"https:\/\/zonalimitrofe-cbnr.com\/index.php\/wp-json\/wp\/v2\/categories?post=2664"},{"taxonomy":"post_tag","embeddable":true,"href":"https:\/\/zonalimitrofe-cbnr.com\/index.php\/wp-json\/wp\/v2\/tags?post=2664"}],"curies":[{"name":"wp","href":"https:\/\/api.w.org\/{rel}","templated":true}]}}