{"id":26623,"date":"2025-10-30T14:10:01","date_gmt":"2025-10-30T20:10:01","guid":{"rendered":"https:\/\/zonalimitrofe-cbnr.com\/?p=26623"},"modified":"2025-10-30T14:10:02","modified_gmt":"2025-10-30T20:10:02","slug":"uadec-inauguran-el-festival-de-dia-de-muertos-luminarias-del-alma-en-la-explanada-de-rectoria-de-la-uadec","status":"publish","type":"post","link":"https:\/\/zonalimitrofe-cbnr.com\/index.php\/2025\/10\/30\/uadec-inauguran-el-festival-de-dia-de-muertos-luminarias-del-alma-en-la-explanada-de-rectoria-de-la-uadec\/","title":{"rendered":"#UAdeC. Inauguran el Festival de D\u00eda de Muertos Luminarias del Alma en la Explanada de Rector\u00eda de la UAdeC"},"content":{"rendered":"\n<p>SALTILLO, Coahuila. 30 de octubre de 2025. Entre luces, colores y sue\u00f1os eternos la Universidad Aut\u00f3noma de Coahuila rinde homenaje a quienes han trascendido a otro plano con el \u201cFestival de Muertos Luminarias del Alma\u201d, que ofrece un respeto a la memoria y celebra el retorno transitorio al mundo de los vivos.<\/p>\n\n\n\n<p>Con el prop\u00f3sito de fortalecer, difundir y preservar las tradiciones mexicanas, la universidad a trav\u00e9s de la Coordinaci\u00f3n General de Difusi\u00f3n y Patrimonio Cultural promueve la realizaci\u00f3n de actividades que vengan a fortalecer la formaci\u00f3n acad\u00e9mica del alumnado y refuercen el entramado social; recordemos que, dada su gran trascendencia cultural, la UNESCO nombr\u00f3 a la festividad ind\u00edgena de D\u00eda de Muertos como Patrimonio Cultural Inmaterial de la Humanidad desde 2008.<\/p>\n\n\n\n<p>En la Explanada de la Rector\u00eda la noche de este mi\u00e9rcoles presidieron el festival F\u00e9lix Ibarra Linares, coordinador general de Difusi\u00f3n y Patrimonio Cultural (DPC), la coordinadora de Unidad Sureste Eva Kerena Hern\u00e1ndez Mart\u00ednez, Ana Elena Flores Gonz\u00e1lez subcoordinadora de difusi\u00f3n cultural, Antonio Ferlum artista pl\u00e1stico y creador art\u00edstico del montaje, presentes en el evento directores de escuelas y facultades, comunidad universitaria y p\u00fablico en general.<\/p>\n\n\n\n<p>El rector Octavio Pimentel Mart\u00ednez, en su mensaje felicit\u00f3 a la Coordinaci\u00f3n de Difusi\u00f3n y Patrimonio Cultural, a la Coordinaci\u00f3n de Unidad Sureste y a todos quienes hicieron posible esta actividad en la que las y los universitarios podr\u00e1n disfrutar durante estos d\u00edas y celebrar a quienes ya no est\u00e1n con nosotros.<\/p>\n\n\n\n<p>\u201cEsta es su universidad, gracias por venir a este festival y que vengan muchos a\u00f1os de cultura en la casa de los Lobos de la UAdeC, felicidades a las catrinas ganadoras y a las dependencias que presentaron sus lobobrijes\u201d, expres\u00f3 el Rector.<\/p>\n\n\n\n<p>Por su parte, el coordinador general de DPC, F\u00e9lix Ibarra Linares, se\u00f1al\u00f3 que esta celebraci\u00f3n constituye una de las expresiones m\u00e1s aut\u00e9nticas de nuestra identidad, en ella convergen historia, arte, simbolismo y espiritualidad, record\u00e1ndonos que la memoria es el lazo que mantiene viva la presencia de quienes ya no est\u00e1n.<\/p>\n\n\n\n<p>\u201cLa UAdeC reafirma su compromiso con la promoci\u00f3n y preservaci\u00f3n de las manifestaciones culturales que fortalecen nuestra identidad y fomentan la convivencia, el respeto y el orgullo por nuestras tradiciones. continuaremos impulsando actividades que vinculen el arte, la cultura y el conocimiento con la vida universitaria y con la sociedad en su conjunto\u201d, afirm\u00f3.<\/p>\n\n\n\n<p>El D\u00eda de Muertos es mucho m\u00e1s que una simple conmemoraci\u00f3n, es el n\u00facleo central de la identidad y cosmovisi\u00f3n mexicana, en esta edici\u00f3n 2025 del festival la figura central del evento fueron los \u201cLobobrijes\u201d, para ello la coordinaci\u00f3n de cultura lanz\u00f3<\/p>\n\n\n\n<p>con anticipaci\u00f3n una convocatoria a escuelas, facultades e institutos, as\u00ed como, dependencias universitarias para participar con la elaboraci\u00f3n de un alebrije con la figura de un \u201cLobo\u201d que los representara en el evento.<\/p>\n\n\n\n<p>Entre las dependencias, escuelas, facultades e institutos que colaboraron con esta iniciativa se encuentran: Infoteca Campus Arteaga, Infoteca de la Salud, Infoteca Central, Coordinaci\u00f3n General de Relaciones Internacionales, Instituto de Lenguas Extranjeras, Facultad de Enfermer\u00eda, Coordinaci\u00f3n de Unidad Sureste, Facultad de Psicolog\u00eda y Facultad de Trabajo Social.<\/p>\n","protected":false},"excerpt":{"rendered":"<p>SALTILLO, Coahuila. 30 de octubre de 2025. Entre luces, colores y sue\u00f1os eternos la Universidad Aut\u00f3noma de Coahuila rinde homenaje a quienes han trascendido a otro plano con el \u201cFestival de Muertos Luminarias del Alma\u201d, que ofrece un respeto a la memoria y celebra el retorno transitorio al mundo de los vivos. Con el prop\u00f3sito [&hellip;]<\/p>\n","protected":false},"author":1,"featured_media":26624,"comment_status":"open","ping_status":"open","sticky":false,"template":"","format":"standard","meta":{"_monsterinsights_skip_tracking":false,"_monsterinsights_sitenote_active":false,"_monsterinsights_sitenote_note":"","_monsterinsights_sitenote_category":0,"footnotes":""},"categories":[1],"tags":[],"_links":{"self":[{"href":"https:\/\/zonalimitrofe-cbnr.com\/index.php\/wp-json\/wp\/v2\/posts\/26623"}],"collection":[{"href":"https:\/\/zonalimitrofe-cbnr.com\/index.php\/wp-json\/wp\/v2\/posts"}],"about":[{"href":"https:\/\/zonalimitrofe-cbnr.com\/index.php\/wp-json\/wp\/v2\/types\/post"}],"author":[{"embeddable":true,"href":"https:\/\/zonalimitrofe-cbnr.com\/index.php\/wp-json\/wp\/v2\/users\/1"}],"replies":[{"embeddable":true,"href":"https:\/\/zonalimitrofe-cbnr.com\/index.php\/wp-json\/wp\/v2\/comments?post=26623"}],"version-history":[{"count":1,"href":"https:\/\/zonalimitrofe-cbnr.com\/index.php\/wp-json\/wp\/v2\/posts\/26623\/revisions"}],"predecessor-version":[{"id":26625,"href":"https:\/\/zonalimitrofe-cbnr.com\/index.php\/wp-json\/wp\/v2\/posts\/26623\/revisions\/26625"}],"wp:featuredmedia":[{"embeddable":true,"href":"https:\/\/zonalimitrofe-cbnr.com\/index.php\/wp-json\/wp\/v2\/media\/26624"}],"wp:attachment":[{"href":"https:\/\/zonalimitrofe-cbnr.com\/index.php\/wp-json\/wp\/v2\/media?parent=26623"}],"wp:term":[{"taxonomy":"category","embeddable":true,"href":"https:\/\/zonalimitrofe-cbnr.com\/index.php\/wp-json\/wp\/v2\/categories?post=26623"},{"taxonomy":"post_tag","embeddable":true,"href":"https:\/\/zonalimitrofe-cbnr.com\/index.php\/wp-json\/wp\/v2\/tags?post=26623"}],"curies":[{"name":"wp","href":"https:\/\/api.w.org\/{rel}","templated":true}]}}