{"id":26586,"date":"2025-10-29T12:57:13","date_gmt":"2025-10-29T18:57:13","guid":{"rendered":"https:\/\/zonalimitrofe-cbnr.com\/?p=26586"},"modified":"2025-10-29T12:57:13","modified_gmt":"2025-10-29T18:57:13","slug":"torreon-la-unidad-de-prevencion-social-de-la-violencia-da-seguimiento-al-proceso-de-salud-de-adolfo-joven-que-estaba-en-estado-de-abandono","status":"publish","type":"post","link":"https:\/\/zonalimitrofe-cbnr.com\/index.php\/2025\/10\/29\/torreon-la-unidad-de-prevencion-social-de-la-violencia-da-seguimiento-al-proceso-de-salud-de-adolfo-joven-que-estaba-en-estado-de-abandono\/","title":{"rendered":"#Torre\u00f3n. La Unidad de Prevenci\u00f3n Social de la Violencia da seguimiento al proceso de salud de Adolfo, joven que estaba en estado de abandono"},"content":{"rendered":"\n<p>Torre\u00f3n, Coahuila a 28 de octubre del 2025<\/p>\n\n\n\n<p>A trav\u00e9s de la Unidad de Prevenci\u00f3n Social de la Violencia, la Administraci\u00f3n Municipal lleva el seguimiento de Adolfo, joven que viv\u00eda en condiciones indignas y sin poder moverse, y quien actualmente se encuentra en preparaci\u00f3n para correr su primera carrera de 5 kil\u00f3metros.<\/p>\n\n\n\n<p>Blanca \u00c1lvarez Garza, titular de la dependencia, resalt\u00f3 que el joven ha logrado perder 120 kilogramos, lo que le ha permitido recuperar su movilidad y mejorar su condici\u00f3n f\u00edsica.<\/p>\n\n\n\n<p>Record\u00f3 que el pasado mes de abril, la Secretar\u00eda del Ayuntamiento de Torre\u00f3n design\u00f3 a la Unidad de Prevenci\u00f3n Social de la Violencia, as\u00ed como a las direcciones de Inspecci\u00f3n y Verificaci\u00f3n, y Protecci\u00f3n Civil y Bomberos, para atender el llamado de ayuda que Adolfo realiz\u00f3 a trav\u00e9s de redes sociales.<\/p>\n\n\n\n<p>Detall\u00f3 que una vez que se estableci\u00f3 contacto con \u00e9l, se constat\u00f3 que ten\u00eda varios meses sin poder movilizarse, lo cual incluso le imped\u00eda realizar su aseo personal, debido al sobrepeso que padec\u00eda, y resalt\u00f3 que gracias a las alianzas de trabajo que se mantienen con centros de rehabilitaci\u00f3n, Omar Hern\u00e1ndez, encargado de uno de ellos, se ofreci\u00f3 a brindarle albergue y atender el caso.<\/p>\n\n\n\n<p>La funcionaria mencion\u00f3 que tras su ingreso, Adolfo recibi\u00f3 atenci\u00f3n m\u00e9dica multidisciplinaria para verificar si su condici\u00f3n le permit\u00eda permanecer en el centro, y que a trav\u00e9s de una rifa en la que participaron servidores p\u00fablicos y ciudadanos, fue posible adquirir una cama especial, dado su peso de entonces de 315 kilogramos.<\/p>\n\n\n\n<p>La directora mencion\u00f3 que la indicaci\u00f3n del alcalde Rom\u00e1n Alberto Cepeda Gonz\u00e1lez, fue brindar el apoyo y dar seguimiento a su proceso de recuperaci\u00f3n para verificar que recibiera la adecuada atenci\u00f3n.<\/p>\n\n\n\n<p>\u201cActualmente recibe ayuda de un entrenador personal, quien ha sido el encargado de asesorarlo f\u00edsica y nutricionalmente, y con quien realiza ejercicios diariamente en el Bosque Venustiano Carranza\u201d, coment\u00f3.<\/p>\n\n\n\n<p>Adem\u00e1s, \u00c1lvarez Garza se\u00f1al\u00f3 que el centro de rehabilitaci\u00f3n es un espacio donde recibe atenci\u00f3n psicol\u00f3gica, alimentaci\u00f3n adecuada y un lugar para vivir. A\u00f1adi\u00f3 que se encuentra en un proceso de recuperaci\u00f3n integral, cuya meta es que pueda<\/p>\n\n\n\n<p>retomar el control de su vida, conseguir un empleo y salir adelante. Por ello, el acompa\u00f1amiento por parte del Municipio municipales continuar\u00e1 de manera permanente<\/p>\n","protected":false},"excerpt":{"rendered":"<p>Torre\u00f3n, Coahuila a 28 de octubre del 2025 A trav\u00e9s de la Unidad de Prevenci\u00f3n Social de la Violencia, la Administraci\u00f3n Municipal lleva el seguimiento de Adolfo, joven que viv\u00eda en condiciones indignas y sin poder moverse, y quien actualmente se encuentra en preparaci\u00f3n para correr su primera carrera de 5 kil\u00f3metros. Blanca \u00c1lvarez Garza, [&hellip;]<\/p>\n","protected":false},"author":1,"featured_media":26587,"comment_status":"open","ping_status":"open","sticky":false,"template":"","format":"standard","meta":{"_monsterinsights_skip_tracking":false,"_monsterinsights_sitenote_active":false,"_monsterinsights_sitenote_note":"","_monsterinsights_sitenote_category":0,"footnotes":""},"categories":[1],"tags":[],"_links":{"self":[{"href":"https:\/\/zonalimitrofe-cbnr.com\/index.php\/wp-json\/wp\/v2\/posts\/26586"}],"collection":[{"href":"https:\/\/zonalimitrofe-cbnr.com\/index.php\/wp-json\/wp\/v2\/posts"}],"about":[{"href":"https:\/\/zonalimitrofe-cbnr.com\/index.php\/wp-json\/wp\/v2\/types\/post"}],"author":[{"embeddable":true,"href":"https:\/\/zonalimitrofe-cbnr.com\/index.php\/wp-json\/wp\/v2\/users\/1"}],"replies":[{"embeddable":true,"href":"https:\/\/zonalimitrofe-cbnr.com\/index.php\/wp-json\/wp\/v2\/comments?post=26586"}],"version-history":[{"count":1,"href":"https:\/\/zonalimitrofe-cbnr.com\/index.php\/wp-json\/wp\/v2\/posts\/26586\/revisions"}],"predecessor-version":[{"id":26588,"href":"https:\/\/zonalimitrofe-cbnr.com\/index.php\/wp-json\/wp\/v2\/posts\/26586\/revisions\/26588"}],"wp:featuredmedia":[{"embeddable":true,"href":"https:\/\/zonalimitrofe-cbnr.com\/index.php\/wp-json\/wp\/v2\/media\/26587"}],"wp:attachment":[{"href":"https:\/\/zonalimitrofe-cbnr.com\/index.php\/wp-json\/wp\/v2\/media?parent=26586"}],"wp:term":[{"taxonomy":"category","embeddable":true,"href":"https:\/\/zonalimitrofe-cbnr.com\/index.php\/wp-json\/wp\/v2\/categories?post=26586"},{"taxonomy":"post_tag","embeddable":true,"href":"https:\/\/zonalimitrofe-cbnr.com\/index.php\/wp-json\/wp\/v2\/tags?post=26586"}],"curies":[{"name":"wp","href":"https:\/\/api.w.org\/{rel}","templated":true}]}}