{"id":26572,"date":"2025-10-29T10:59:06","date_gmt":"2025-10-29T16:59:06","guid":{"rendered":"https:\/\/zonalimitrofe-cbnr.com\/?p=26572"},"modified":"2025-10-29T10:59:06","modified_gmt":"2025-10-29T16:59:06","slug":"durango-ya-es-un-hecho-durango-tendra-agua-para-los-proximos-50-anos-con-la-presa-tunal-ii","status":"publish","type":"post","link":"https:\/\/zonalimitrofe-cbnr.com\/index.php\/2025\/10\/29\/durango-ya-es-un-hecho-durango-tendra-agua-para-los-proximos-50-anos-con-la-presa-tunal-ii\/","title":{"rendered":"#Durango. Ya es un hecho: Durango tendr\u00e1 agua para los pr\u00f3ximos 50 a\u00f1os con la Presa Tunal II*"},"content":{"rendered":"\n<p>* _La obra fue presentada por la Presidenta Claudia y arrancada en Durango por el gobernador Esteban Villegas y el director de Conagua, Efra\u00edn Morales._<\/p>\n\n\n\n<p>* _Inversi\u00f3n de m\u00e1s de 4 mil MDP impulsar\u00e1 el abasto de agua limpia y constante para m\u00e1s de 600 mil habitantes.<\/p>\n\n\n\n<p>Con una inversi\u00f3n superior a 4 mil millones de pesos, inici\u00f3 la construcci\u00f3n de la Presa Tunal II, una obra hidr\u00e1ulica que garantizar\u00e1 agua limpia, constante y de calidad para los pr\u00f3ximos 50 a\u00f1os a m\u00e1s de 600 mil habitantes. El comienzo de la obra fue presentado por la Presidenta Claudia Sheinbaum Pardo durante la Ma\u00f1anera del Pueblo y encabezado simult\u00e1neamente en Durango por el gobernador Esteban Villegas Villarreal y el director general de la Comisi\u00f3n Nacional del Agua (Conagua), Efra\u00edn Morales L\u00f3pez, desde el Ejido El Nayar.<\/p>\n\n\n\n<p>El gobernador Esteban destac\u00f3 que, tras m\u00e1s de 70 a\u00f1os de espera, esta presa representa un sue\u00f1o cumplido para los duranguenses, un seguro de vida para las nuevas generaciones y un punto de inflexi\u00f3n en materia de salud, desarrollo y sustentabilidad. Subray\u00f3 que el proyecto garantizar\u00e1 agua las 24 horas del d\u00eda, los siete d\u00edas de la semana, con calidad y suficiencia para las pr\u00f3ximas d\u00e9cadas.<\/p>\n\n\n\n<p>Record\u00f3 que el proyecto fue revisado y respaldado desde la administraci\u00f3n del expresidente Andr\u00e9s Manuel L\u00f3pez Obrador, al considerarse una prioridad nacional por su impacto en la conservaci\u00f3n de los mantos fre\u00e1ticos. Con la puesta en marcha de la presa y la planta potabilizadora, se podr\u00e1n cerrar 69 pozos del acu\u00edfero de la capital, afectados por altos niveles de fl\u00faor y ars\u00e9nico, lo que permitir\u00e1 su recuperaci\u00f3n natural y asegurar\u00e1 el suministro de agua por los pr\u00f3ximos 50 a 70 a\u00f1os.<\/p>\n\n\n\n<p>La Presidenta Claudia Sheinbaum destac\u00f3 que la Presa Tunal II forma parte de una estrategia nacional para garantizar el derecho al agua y fortalecer la infraestructura hidr\u00e1ulica del pa\u00eds. Subray\u00f3 que el proyecto refleja el compromiso de su gobierno con la sostenibilidad y con el bienestar de las familias mexicanas.<\/p>\n\n\n\n<p>Por su parte, el director de Conagua, Efra\u00edn Morales L\u00f3pez, se\u00f1al\u00f3 que la Presa Tunal II complementar\u00e1 la planta potabilizadora y asegurar\u00e1 un abasto suficiente, sustentable y de calidad para la capital duranguense. Destac\u00f3 adem\u00e1s que esta infraestructura contribuir\u00e1 al desarrollo econ\u00f3mico y social de la regi\u00f3n, al mismo tiempo que protege las fuentes naturales de agua.<\/p>\n\n\n\n<p>El subdirector de Agua Potable, Drenaje y Saneamiento de Conagua, Felipe Zatar\u00e1in Mendoza, explic\u00f3 que el proyecto incluye una obra de toma, planta de bombeo, l\u00ednea de conducci\u00f3n y planta potabilizadora, con capacidad para producir mil 500 litros por segundo. El agua ser\u00e1 conducida a lo largo de 15 kil\u00f3metros por el cauce del r\u00edo Tunal hasta la presa Guadalupe Victoria, asegurando un flujo constante hacia la capital.<\/p>\n\n\n\n<p>Construida con concreto compactado con rodillo, la Presa Tunal II tendr\u00e1 una altura de 98 metros, una longitud de 280 metros y capacidad para almacenar 126 millones de metros c\u00fabicos de agua. Ser\u00e1 una de las primeras presas en M\u00e9xico destinadas exclusivamente al consumo humano. Su conclusi\u00f3n est\u00e1 programada para abril del pr\u00f3ximo a\u00f1o y generar\u00e1 alrededor de 1,200 empleos directos y 2,600 indirectos, impulsando la econom\u00eda local.<\/p>\n\n\n\n<p>\u201cEs una obra que marcar\u00e1 una nueva era para Durango; una obra que nos da futuro y esperanza\u201d, concluy\u00f3 el gobernador Esteban Villegas Villarreal.<\/p>\n","protected":false},"excerpt":{"rendered":"<p>* _La obra fue presentada por la Presidenta Claudia y arrancada en Durango por el gobernador Esteban Villegas y el director de Conagua, Efra\u00edn Morales._ * _Inversi\u00f3n de m\u00e1s de 4 mil MDP impulsar\u00e1 el abasto de agua limpia y constante para m\u00e1s de 600 mil habitantes. Con una inversi\u00f3n superior a 4 mil millones [&hellip;]<\/p>\n","protected":false},"author":1,"featured_media":26574,"comment_status":"open","ping_status":"open","sticky":false,"template":"","format":"standard","meta":{"_monsterinsights_skip_tracking":false,"_monsterinsights_sitenote_active":false,"_monsterinsights_sitenote_note":"","_monsterinsights_sitenote_category":0,"footnotes":""},"categories":[1],"tags":[],"_links":{"self":[{"href":"https:\/\/zonalimitrofe-cbnr.com\/index.php\/wp-json\/wp\/v2\/posts\/26572"}],"collection":[{"href":"https:\/\/zonalimitrofe-cbnr.com\/index.php\/wp-json\/wp\/v2\/posts"}],"about":[{"href":"https:\/\/zonalimitrofe-cbnr.com\/index.php\/wp-json\/wp\/v2\/types\/post"}],"author":[{"embeddable":true,"href":"https:\/\/zonalimitrofe-cbnr.com\/index.php\/wp-json\/wp\/v2\/users\/1"}],"replies":[{"embeddable":true,"href":"https:\/\/zonalimitrofe-cbnr.com\/index.php\/wp-json\/wp\/v2\/comments?post=26572"}],"version-history":[{"count":1,"href":"https:\/\/zonalimitrofe-cbnr.com\/index.php\/wp-json\/wp\/v2\/posts\/26572\/revisions"}],"predecessor-version":[{"id":26575,"href":"https:\/\/zonalimitrofe-cbnr.com\/index.php\/wp-json\/wp\/v2\/posts\/26572\/revisions\/26575"}],"wp:featuredmedia":[{"embeddable":true,"href":"https:\/\/zonalimitrofe-cbnr.com\/index.php\/wp-json\/wp\/v2\/media\/26574"}],"wp:attachment":[{"href":"https:\/\/zonalimitrofe-cbnr.com\/index.php\/wp-json\/wp\/v2\/media?parent=26572"}],"wp:term":[{"taxonomy":"category","embeddable":true,"href":"https:\/\/zonalimitrofe-cbnr.com\/index.php\/wp-json\/wp\/v2\/categories?post=26572"},{"taxonomy":"post_tag","embeddable":true,"href":"https:\/\/zonalimitrofe-cbnr.com\/index.php\/wp-json\/wp\/v2\/tags?post=26572"}],"curies":[{"name":"wp","href":"https:\/\/api.w.org\/{rel}","templated":true}]}}