{"id":26569,"date":"2025-10-28T11:35:03","date_gmt":"2025-10-28T17:35:03","guid":{"rendered":"https:\/\/zonalimitrofe-cbnr.com\/?p=26569"},"modified":"2025-10-28T11:35:03","modified_gmt":"2025-10-28T17:35:03","slug":"torreon-el-arte-monumental-de-jose-luis-ponce-engalanara-el-desfile-de-dia-de-muertos-2025-en-torreon","status":"publish","type":"post","link":"https:\/\/zonalimitrofe-cbnr.com\/index.php\/2025\/10\/28\/torreon-el-arte-monumental-de-jose-luis-ponce-engalanara-el-desfile-de-dia-de-muertos-2025-en-torreon\/","title":{"rendered":"#Torre\u00f3n. El arte monumental de Jos\u00e9 Luis Ponce engalanar\u00e1 el Desfile de D\u00eda de Muertos 2025 en Torre\u00f3n"},"content":{"rendered":"\n<p>Torre\u00f3n, Coahuila. A 28 de octubre de 2025<\/p>\n\n\n\n<p>El arte lagunero se har\u00e1 presente este 31 de octubre cuando el escultor Jos\u00e9 Luis Ponce, reconocido por su obra monumental en acero y su compromiso con proyectos culturales de impacto social y art\u00edstico, se sume al Desfile de D\u00eda de Muertos 2025, impulsado por la Administraci\u00f3n Municipal del alcalde Rom\u00e1n Alberto Cepeda Gonz\u00e1lez.<\/p>\n\n\n\n<p>El desfile organizado por el Instituto para el Desarrollo Integral de la Familia (DIF) Torre\u00f3n, la Direcci\u00f3n de Turismo y el Instituto Municipal de Cultura y Educaci\u00f3n (IMCE), se realizar\u00e1 el pr\u00f3ximo viernes a las 18:00 horas.<\/p>\n\n\n\n<p>El director de Turismo Municipal, Guillermo Mart\u00ednez \u00c1vila, inform\u00f3 que en esta edici\u00f3n, el artista presentar\u00e1 Umbral 2025, una instalaci\u00f3n ef\u00edmera de gran formato elaborada con miles de flores naturales de cempas\u00fachil, s\u00edmbolo de vida, muerte y trascendencia.<\/p>\n\n\n\n<p>\u201cLa pieza que tiene tres metros de altura se ubicar\u00e1 en la explanada de la Plaza Mayor, y se convertir\u00e1 en un enfoque visual y emocional del evento\u201d, se\u00f1al\u00f3.<\/p>\n\n\n\n<p>Detall\u00f3 que la obra tiene una duraci\u00f3n ef\u00edmera, es decir, visible solo durante el ciclo natural de la flor de cempas\u00fachil, entre 5 y 10 d\u00edas. \u201cInvita a la reflexi\u00f3n sobre la fugacidad de la vida, transformando el espacio p\u00fablico en un punto de encuentro entre el arte, la comunidad y la identidad mexicana\u201d.<\/p>\n\n\n\n<p>Por su parte, Jos\u00e9 Luis Ponce destac\u00f3 que la Calavera Cempas\u00fachil 2025 no busca durar para siempre. \u201cSu belleza radica en el instante, en la flor que se abre y se despide, record\u00e1ndonos que lo verdaderamente memorable es lo que deja huella en el alma\u201d, expres\u00f3 el escultor lagunero.<\/p>\n\n\n\n<p>Cabe se\u00f1alar que el Desfile de D\u00eda de Muertos 2025 parte desde la Fuente del Pensador en la Alameda Zaragoza, para culminar en la Plaza Mayor donde se vivir\u00e1 una gran fiesta cultural llena de vida, recuerdos y orgullo lagunero.<\/p>\n\n\n\n<p>Durante el recorrido, el p\u00fablico podr\u00e1 disfrutar de carros aleg\u00f3ricos, catrinas monumentales, flores de cempas\u00fachil, danzas folkl\u00f3ricas, m\u00fasica tradicional mexicana, y la participaci\u00f3n de escuelas, academias y colectivos art\u00edsticos de toda la regi\u00f3n.<\/p>\n\n\n\n<p>En la Plaza Mayor, la celebraci\u00f3n continuar\u00e1 con la participaci\u00f3n de la Banda Municipal de Torre\u00f3n, el Proyecto de M\u00fasica Santiago Ram\u00edrez y un Ballet Folkl\u00f3rico que pondr\u00e1 ritmo y color a esta noche dedicada a honrar a quienes ya partieron.<\/p>\n\n\n\n<p>Adem\u00e1s, se premiar\u00e1 con 5 mil pesos a los participantes de las categor\u00edas en concurso: mejor maquillaje, mejor vestuario y mejor comparsa.<\/p>\n\n\n\n<p>Tambi\u00e9n, en un esfuerzo interdependencias, al finalizar el desfile se entregar\u00e1 pan de muerto y chocolate caliente a los asistentes, hasta agotar existencias<\/p>\n","protected":false},"excerpt":{"rendered":"<p>Torre\u00f3n, Coahuila. A 28 de octubre de 2025 El arte lagunero se har\u00e1 presente este 31 de octubre cuando el escultor Jos\u00e9 Luis Ponce, reconocido por su obra monumental en acero y su compromiso con proyectos culturales de impacto social y art\u00edstico, se sume al Desfile de D\u00eda de Muertos 2025, impulsado por la Administraci\u00f3n [&hellip;]<\/p>\n","protected":false},"author":1,"featured_media":26570,"comment_status":"open","ping_status":"open","sticky":false,"template":"","format":"standard","meta":{"_monsterinsights_skip_tracking":false,"_monsterinsights_sitenote_active":false,"_monsterinsights_sitenote_note":"","_monsterinsights_sitenote_category":0,"footnotes":""},"categories":[1],"tags":[],"_links":{"self":[{"href":"https:\/\/zonalimitrofe-cbnr.com\/index.php\/wp-json\/wp\/v2\/posts\/26569"}],"collection":[{"href":"https:\/\/zonalimitrofe-cbnr.com\/index.php\/wp-json\/wp\/v2\/posts"}],"about":[{"href":"https:\/\/zonalimitrofe-cbnr.com\/index.php\/wp-json\/wp\/v2\/types\/post"}],"author":[{"embeddable":true,"href":"https:\/\/zonalimitrofe-cbnr.com\/index.php\/wp-json\/wp\/v2\/users\/1"}],"replies":[{"embeddable":true,"href":"https:\/\/zonalimitrofe-cbnr.com\/index.php\/wp-json\/wp\/v2\/comments?post=26569"}],"version-history":[{"count":1,"href":"https:\/\/zonalimitrofe-cbnr.com\/index.php\/wp-json\/wp\/v2\/posts\/26569\/revisions"}],"predecessor-version":[{"id":26571,"href":"https:\/\/zonalimitrofe-cbnr.com\/index.php\/wp-json\/wp\/v2\/posts\/26569\/revisions\/26571"}],"wp:featuredmedia":[{"embeddable":true,"href":"https:\/\/zonalimitrofe-cbnr.com\/index.php\/wp-json\/wp\/v2\/media\/26570"}],"wp:attachment":[{"href":"https:\/\/zonalimitrofe-cbnr.com\/index.php\/wp-json\/wp\/v2\/media?parent=26569"}],"wp:term":[{"taxonomy":"category","embeddable":true,"href":"https:\/\/zonalimitrofe-cbnr.com\/index.php\/wp-json\/wp\/v2\/categories?post=26569"},{"taxonomy":"post_tag","embeddable":true,"href":"https:\/\/zonalimitrofe-cbnr.com\/index.php\/wp-json\/wp\/v2\/tags?post=26569"}],"curies":[{"name":"wp","href":"https:\/\/api.w.org\/{rel}","templated":true}]}}