{"id":26566,"date":"2025-10-28T11:25:27","date_gmt":"2025-10-28T17:25:27","guid":{"rendered":"https:\/\/zonalimitrofe-cbnr.com\/?p=26566"},"modified":"2025-10-28T11:25:27","modified_gmt":"2025-10-28T17:25:27","slug":"lerdo-comision-de-gobernacion-aprueba-convocatoria-para-procesos-electorales-de-las-villas-y-jefaturas-de-cuartel","status":"publish","type":"post","link":"https:\/\/zonalimitrofe-cbnr.com\/index.php\/2025\/10\/28\/lerdo-comision-de-gobernacion-aprueba-convocatoria-para-procesos-electorales-de-las-villas-y-jefaturas-de-cuartel\/","title":{"rendered":"#Lerdo. COMISI\u00d3N DE GOBERNACI\u00d3N APRUEBA CONVOCATORIA PARA PROCESOS ELECTORALES DE LAS VILLAS Y JEFATURAS DE CUARTEL*"},"content":{"rendered":"\n<p>Lerdo, 28 de octubre de 2025.- Este lunes, durante la sesi\u00f3n de la Comisi\u00f3n de Gobernaci\u00f3n del Municipio de Lerdo, se aprob\u00f3 por unanimidad la convocatoria para el proceso de renovaci\u00f3n de las cinco Juntas Municipales de Gobierno y las Jefaturas de Cuartel, as\u00ed como la designaci\u00f3n de los representantes que fungir\u00e1n como \u00f3rganos auxiliares durante dicho proceso.<\/p>\n\n\n\n<p>La segunda sesi\u00f3n de la Comisi\u00f3n de Gobernaci\u00f3n se llev\u00f3 a cabo en la sala \u201cCarmen Carre\u00f3n\u201d del Skatepark Municipal, y fue encabezada por la Presidenta Municipal Susy Carolina Torrecillas Salazar.<\/p>\n\n\n\n<p>En el sexto punto del orden del d\u00eda, se aprob\u00f3 por unanimidad el calendario de fechas para los procesos electorales correspondientes a las Juntas Municipales de Gobierno y las Jefaturas de Cuartel.<\/p>\n\n\n\n<p>El calendario de procesos electorales ser\u00e1 el siguiente: Juntas Municipales de Gobierno (Presidencias de Villa):<br>01 de noviembre: Registro de planillas, conforme al art\u00edculo 8 de la convocatoria correspondiente; 04 de noviembre: Revisi\u00f3n de dict\u00e1menes de registro y asignaci\u00f3n de colores a las planillas contendientes; 05 de noviembre: Inicio de campa\u00f1as; 06 de noviembre: Publicaci\u00f3n de la lista de funcionarios electorales; 07 de noviembre: Cierre de campa\u00f1as y el 09 de noviembre: Jornada electoral.<\/p>\n\n\n\n<p>Jefaturas de Cuartel (primer bloque):<br>13 de noviembre: Fecha l\u00edmite para registro de aspirantes; 21 de noviembre: Fecha l\u00edmite para emisi\u00f3n de dict\u00e1menes, aprobaci\u00f3n o negativa de registros, y asignaci\u00f3n de colores; 26 de noviembre: Inicio de campa\u00f1as; 28 de noviembre: Cierre de campa\u00f1as y el 30 de noviembre: Jornada electoral.<\/p>\n\n\n\n<p>Jefaturas de cuartel (segundo Bloque)<br>12 de noviembre inicio de registro de planillas, candidatos para jefaturas de cuartel; 13 de noviembre fecha l\u00edmite para el registro de planillas, candidatos para jefaturas de cuartel; 21 de noviembre: Fecha para la emisi\u00f3n de dict\u00e1menes y aprobaci\u00f3n y negativa del registro de las jefaturas de cuartel; 03 de diciembre del 2025: Fecha de inicio de campa\u00f1as del segundo bloque; 05 de Diciembre: Cierre de campa\u00f1a de las jefaturas de cuartel; y el 07 de Diciembre: Fecha de la elecci\u00f3n del proceso electoral del segundo bloque.<\/p>\n\n\n\n<p>Durante la sesi\u00f3n, tambi\u00e9n fueron aprobadas las siguientes designaciones propuestas por la Presidenta Municipal: Aldo Rubio, como secretario t\u00e9cnico del proceso electoral para la renovaci\u00f3n de Juntas Municipales de Gobierno y Jefaturas de Cuartel, Juan Jos\u00e9 Carrillo Aldaba, como director del \u00d3rgano Electoral del mismo proceso, Enrique Guerrero Castro, como director de Capacitaci\u00f3n del \u00d3rgano Electoral, Eduardo Lara Urby, como director Jur\u00eddico del \u00d3rgano Electoral.<\/p>\n\n\n\n<p>Los ciudadanos interesados en contender por una Junta Municipal de Gobierno o una Jefatura de Cuartel deber\u00e1n acercarse a la oficina de Secretar\u00eda del Ayuntamiento, en los tiempos establecidos y deber\u00e1n cumplir con los requisitos en el art\u00edculo 39 de la Ley Org\u00e1nica del Estado de Durango, entre ellos: ser mayor de 18 a\u00f1os de edad, presentar acta de nacimiento vigente, contar con credencial de elector (INE), acreditar residencia efectiva m\u00ednima de seis meses, entregar dos fotograf\u00edas a color, en caso de ocupar un cargo p\u00fablico, solicitar licencia durante el proceso electoral.<\/p>\n","protected":false},"excerpt":{"rendered":"<p>Lerdo, 28 de octubre de 2025.- Este lunes, durante la sesi\u00f3n de la Comisi\u00f3n de Gobernaci\u00f3n del Municipio de Lerdo, se aprob\u00f3 por unanimidad la convocatoria para el proceso de renovaci\u00f3n de las cinco Juntas Municipales de Gobierno y las Jefaturas de Cuartel, as\u00ed como la designaci\u00f3n de los representantes que fungir\u00e1n como \u00f3rganos auxiliares [&hellip;]<\/p>\n","protected":false},"author":1,"featured_media":26567,"comment_status":"open","ping_status":"open","sticky":false,"template":"","format":"standard","meta":{"_monsterinsights_skip_tracking":false,"_monsterinsights_sitenote_active":false,"_monsterinsights_sitenote_note":"","_monsterinsights_sitenote_category":0,"footnotes":""},"categories":[1],"tags":[],"_links":{"self":[{"href":"https:\/\/zonalimitrofe-cbnr.com\/index.php\/wp-json\/wp\/v2\/posts\/26566"}],"collection":[{"href":"https:\/\/zonalimitrofe-cbnr.com\/index.php\/wp-json\/wp\/v2\/posts"}],"about":[{"href":"https:\/\/zonalimitrofe-cbnr.com\/index.php\/wp-json\/wp\/v2\/types\/post"}],"author":[{"embeddable":true,"href":"https:\/\/zonalimitrofe-cbnr.com\/index.php\/wp-json\/wp\/v2\/users\/1"}],"replies":[{"embeddable":true,"href":"https:\/\/zonalimitrofe-cbnr.com\/index.php\/wp-json\/wp\/v2\/comments?post=26566"}],"version-history":[{"count":1,"href":"https:\/\/zonalimitrofe-cbnr.com\/index.php\/wp-json\/wp\/v2\/posts\/26566\/revisions"}],"predecessor-version":[{"id":26568,"href":"https:\/\/zonalimitrofe-cbnr.com\/index.php\/wp-json\/wp\/v2\/posts\/26566\/revisions\/26568"}],"wp:featuredmedia":[{"embeddable":true,"href":"https:\/\/zonalimitrofe-cbnr.com\/index.php\/wp-json\/wp\/v2\/media\/26567"}],"wp:attachment":[{"href":"https:\/\/zonalimitrofe-cbnr.com\/index.php\/wp-json\/wp\/v2\/media?parent=26566"}],"wp:term":[{"taxonomy":"category","embeddable":true,"href":"https:\/\/zonalimitrofe-cbnr.com\/index.php\/wp-json\/wp\/v2\/categories?post=26566"},{"taxonomy":"post_tag","embeddable":true,"href":"https:\/\/zonalimitrofe-cbnr.com\/index.php\/wp-json\/wp\/v2\/tags?post=26566"}],"curies":[{"name":"wp","href":"https:\/\/api.w.org\/{rel}","templated":true}]}}