{"id":26559,"date":"2025-10-28T11:14:12","date_gmt":"2025-10-28T17:14:12","guid":{"rendered":"https:\/\/zonalimitrofe-cbnr.com\/?p=26559"},"modified":"2025-10-28T11:14:13","modified_gmt":"2025-10-28T17:14:13","slug":"lerdo-proteccion-civil-capacita-a-personal-de-turismo-en-lerdo","status":"publish","type":"post","link":"https:\/\/zonalimitrofe-cbnr.com\/index.php\/2025\/10\/28\/lerdo-proteccion-civil-capacita-a-personal-de-turismo-en-lerdo\/","title":{"rendered":"#Lerdo. PROTECCI\u00d3N CIVIL CAPACITA A PERSONAL DE TURISMO EN LERDO*"},"content":{"rendered":"\n<p>Lerdo, 28 de octubre de 2025.- La Coordinaci\u00f3n de Protecci\u00f3n Civil y Bomberos de Lerdo llev\u00f3 a cabo una capacitaci\u00f3n en primeros auxilios dirigida al personal de la Direcci\u00f3n de Turismo Municipal, quienes son los encargados del programa \u201cTu fin de semana en Lerdo\u201d, que realiza diferentes recorridos por el municipio cada fin de semana.<\/p>\n\n\n\n<p>Sinhue de Jes\u00fas Alba, director de Protecci\u00f3n Civil y Bomberos, inform\u00f3 que esta capacitaci\u00f3n se efectu\u00f3 por indicaciones de la Presidenta Municipal Susy Carolina Torrecillas Salazar, con el objetivo de preparar al personal para actuar ante una situaci\u00f3n de emergencia, brindar atenci\u00f3n como primeros respondientes y ofrecer un reporte adecuado al arribo del personal especializado.<\/p>\n\n\n\n<p>A trav\u00e9s del programa \u201cTu fin de semana en Lerdo\u201d, se promueven actividades tur\u00edsticas en distintos puntos del municipio, desde la cabecera hasta espacios naturales y de inter\u00e9s gastron\u00f3mico, fortaleciendo con ello la seguridad y calidad del servicio que se ofrece a los visitantes.<\/p>\n\n\n\n<p>El funcionario destac\u00f3 que este tipo de acciones forman parte del compromiso del Gobierno Municipal para garantizar la protecci\u00f3n de la ciudadan\u00eda y los visitantes, promoviendo una cultura de prevenci\u00f3n y respuesta inmediata en beneficio de todos los sectores del municipio.<\/p>\n","protected":false},"excerpt":{"rendered":"<p>Lerdo, 28 de octubre de 2025.- La Coordinaci\u00f3n de Protecci\u00f3n Civil y Bomberos de Lerdo llev\u00f3 a cabo una capacitaci\u00f3n en primeros auxilios dirigida al personal de la Direcci\u00f3n de Turismo Municipal, quienes son los encargados del programa \u201cTu fin de semana en Lerdo\u201d, que realiza diferentes recorridos por el municipio cada fin de semana. [&hellip;]<\/p>\n","protected":false},"author":1,"featured_media":26561,"comment_status":"open","ping_status":"open","sticky":false,"template":"","format":"standard","meta":{"_monsterinsights_skip_tracking":false,"_monsterinsights_sitenote_active":false,"_monsterinsights_sitenote_note":"","_monsterinsights_sitenote_category":0,"footnotes":""},"categories":[1],"tags":[],"_links":{"self":[{"href":"https:\/\/zonalimitrofe-cbnr.com\/index.php\/wp-json\/wp\/v2\/posts\/26559"}],"collection":[{"href":"https:\/\/zonalimitrofe-cbnr.com\/index.php\/wp-json\/wp\/v2\/posts"}],"about":[{"href":"https:\/\/zonalimitrofe-cbnr.com\/index.php\/wp-json\/wp\/v2\/types\/post"}],"author":[{"embeddable":true,"href":"https:\/\/zonalimitrofe-cbnr.com\/index.php\/wp-json\/wp\/v2\/users\/1"}],"replies":[{"embeddable":true,"href":"https:\/\/zonalimitrofe-cbnr.com\/index.php\/wp-json\/wp\/v2\/comments?post=26559"}],"version-history":[{"count":1,"href":"https:\/\/zonalimitrofe-cbnr.com\/index.php\/wp-json\/wp\/v2\/posts\/26559\/revisions"}],"predecessor-version":[{"id":26562,"href":"https:\/\/zonalimitrofe-cbnr.com\/index.php\/wp-json\/wp\/v2\/posts\/26559\/revisions\/26562"}],"wp:featuredmedia":[{"embeddable":true,"href":"https:\/\/zonalimitrofe-cbnr.com\/index.php\/wp-json\/wp\/v2\/media\/26561"}],"wp:attachment":[{"href":"https:\/\/zonalimitrofe-cbnr.com\/index.php\/wp-json\/wp\/v2\/media?parent=26559"}],"wp:term":[{"taxonomy":"category","embeddable":true,"href":"https:\/\/zonalimitrofe-cbnr.com\/index.php\/wp-json\/wp\/v2\/categories?post=26559"},{"taxonomy":"post_tag","embeddable":true,"href":"https:\/\/zonalimitrofe-cbnr.com\/index.php\/wp-json\/wp\/v2\/tags?post=26559"}],"curies":[{"name":"wp","href":"https:\/\/api.w.org\/{rel}","templated":true}]}}