{"id":26476,"date":"2025-10-25T13:35:59","date_gmt":"2025-10-25T19:35:59","guid":{"rendered":"https:\/\/zonalimitrofe-cbnr.com\/?p=26476"},"modified":"2025-10-25T13:35:59","modified_gmt":"2025-10-25T19:35:59","slug":"lerdo-biblioteca-publica-de-lerdo-promueve-la-lectura-en-ninos-de-preescolar","status":"publish","type":"post","link":"https:\/\/zonalimitrofe-cbnr.com\/index.php\/2025\/10\/25\/lerdo-biblioteca-publica-de-lerdo-promueve-la-lectura-en-ninos-de-preescolar\/","title":{"rendered":"#Lerdo. BIBLIOTECA P\u00daBLICA DE LERDO PROMUEVE LA LECTURA EN NI\u00d1OS DE PREESCOLAR*"},"content":{"rendered":"\n<p>Lerdo, 25 de octubre 2025.- En el marco de las actividades de fomento a la lectura que impulsa la Red de Bibliotecas P\u00fablicas Municipales, y siguiendo las instrucciones de la Presidenta Municipal Susy Carolina Torrecillas Salazar, el personal de la Biblioteca P\u00fablica Municipal \u201cModelo Benito Ju\u00e1rez\u201d particip\u00f3 en una jornada de CuentaCuentos en el Jard\u00edn de Ni\u00f1os Jos\u00e9 Santos Vald\u00e9s, con el prop\u00f3sito de acercar la literatura a los m\u00e1s peque\u00f1os y fortalecer el h\u00e1bito lector desde la primera infancia.<\/p>\n\n\n\n<p>Durante la actividad, personal de la instancia compartieron con los ni\u00f1os los relatos \u201cUn pollito llamado Llito\u201d y \u201cEl gato Gabino\u201d, historias que despertaron la imaginaci\u00f3n y el entusiasmo de los asistentes. A trav\u00e9s de estas din\u00e1micas participativas, los peque\u00f1os reflexionaron sobre diferentes valores.<\/p>\n\n\n\n<p>Asimismo, el personal de la Biblioteca Municipal particip\u00f3 en el acto inaugural y corte de list\u00f3n de las nuevas instalaciones de la biblioteca escolar, fortaleciendo los lazos de vinculaci\u00f3n cultural y educativa que promueven la colaboraci\u00f3n entre instituciones y el desarrollo comunitario.<\/p>\n\n\n\n<p>Con estas acciones, el Gobierno Municipal reafirma su compromiso con la formaci\u00f3n integral de la ni\u00f1ez lerdense y con la promoci\u00f3n del gusto por la lectura como herramienta de aprendizaje, creatividad y convivencia social.<\/p>\n","protected":false},"excerpt":{"rendered":"<p>Lerdo, 25 de octubre 2025.- En el marco de las actividades de fomento a la lectura que impulsa la Red de Bibliotecas P\u00fablicas Municipales, y siguiendo las instrucciones de la Presidenta Municipal Susy Carolina Torrecillas Salazar, el personal de la Biblioteca P\u00fablica Municipal \u201cModelo Benito Ju\u00e1rez\u201d particip\u00f3 en una jornada de CuentaCuentos en el Jard\u00edn [&hellip;]<\/p>\n","protected":false},"author":1,"featured_media":26477,"comment_status":"open","ping_status":"open","sticky":false,"template":"","format":"standard","meta":{"_monsterinsights_skip_tracking":false,"_monsterinsights_sitenote_active":false,"_monsterinsights_sitenote_note":"","_monsterinsights_sitenote_category":0,"footnotes":""},"categories":[1],"tags":[],"_links":{"self":[{"href":"https:\/\/zonalimitrofe-cbnr.com\/index.php\/wp-json\/wp\/v2\/posts\/26476"}],"collection":[{"href":"https:\/\/zonalimitrofe-cbnr.com\/index.php\/wp-json\/wp\/v2\/posts"}],"about":[{"href":"https:\/\/zonalimitrofe-cbnr.com\/index.php\/wp-json\/wp\/v2\/types\/post"}],"author":[{"embeddable":true,"href":"https:\/\/zonalimitrofe-cbnr.com\/index.php\/wp-json\/wp\/v2\/users\/1"}],"replies":[{"embeddable":true,"href":"https:\/\/zonalimitrofe-cbnr.com\/index.php\/wp-json\/wp\/v2\/comments?post=26476"}],"version-history":[{"count":1,"href":"https:\/\/zonalimitrofe-cbnr.com\/index.php\/wp-json\/wp\/v2\/posts\/26476\/revisions"}],"predecessor-version":[{"id":26478,"href":"https:\/\/zonalimitrofe-cbnr.com\/index.php\/wp-json\/wp\/v2\/posts\/26476\/revisions\/26478"}],"wp:featuredmedia":[{"embeddable":true,"href":"https:\/\/zonalimitrofe-cbnr.com\/index.php\/wp-json\/wp\/v2\/media\/26477"}],"wp:attachment":[{"href":"https:\/\/zonalimitrofe-cbnr.com\/index.php\/wp-json\/wp\/v2\/media?parent=26476"}],"wp:term":[{"taxonomy":"category","embeddable":true,"href":"https:\/\/zonalimitrofe-cbnr.com\/index.php\/wp-json\/wp\/v2\/categories?post=26476"},{"taxonomy":"post_tag","embeddable":true,"href":"https:\/\/zonalimitrofe-cbnr.com\/index.php\/wp-json\/wp\/v2\/tags?post=26476"}],"curies":[{"name":"wp","href":"https:\/\/api.w.org\/{rel}","templated":true}]}}