{"id":26464,"date":"2025-10-24T21:34:32","date_gmt":"2025-10-25T03:34:32","guid":{"rendered":"https:\/\/zonalimitrofe-cbnr.com\/?p=26464"},"modified":"2025-10-24T21:34:32","modified_gmt":"2025-10-25T03:34:32","slug":"durango-con-43-nuevas-patrullas-esteban-y-betzabe-refuerzan-la-seguridad-en-gomez-palacio","status":"publish","type":"post","link":"https:\/\/zonalimitrofe-cbnr.com\/index.php\/2025\/10\/24\/durango-con-43-nuevas-patrullas-esteban-y-betzabe-refuerzan-la-seguridad-en-gomez-palacio\/","title":{"rendered":"#Durango. Con 43 nuevas patrullas, Esteban y Betzab\u00e9 refuerzan la seguridad en G\u00f3mez Palacio*"},"content":{"rendered":"\n<p>* _La coordinaci\u00f3n entre Estado y Municipio fortalece la tranquilidad de las familias laguneras._<\/p>\n\n\n\n<p>* _Las nuevas unidades permitir\u00e1n una respuesta m\u00e1s r\u00e1pida y eficiente ante cualquier emergencia._<\/p>\n\n\n\n<p>G\u00f3mez Palacio, Dgo.- Con m\u00e1s patrullas y mejor vigilancia, las familias de la Laguna contar\u00e1n con mayor tranquilidad y seguridad. As\u00ed lo expres\u00f3 el gobernador Esteban Villegas Villarreal, al poner en operaci\u00f3n junto con la presidenta municipal de G\u00f3mez Palacio, Betzab\u00e9 Mart\u00ednez Arango, un total de 43 unidades de seguridad p\u00fablica y vialidad, resultado del trabajo en coordinaci\u00f3n y unidad que distingue a esta regi\u00f3n y que fortalece las acciones de prevenci\u00f3n en beneficio de la ciudadan\u00eda.<\/p>\n\n\n\n<p>Villegas Villarreal reiter\u00f3 su reconocimiento a la Guardia Nacional y al inter\u00e9s de la alcaldesa gomezpalatina por mantener una ciudad segura, ya que con estas nuevas unidades las familias contar\u00e1n con un mayor respaldo de sus gobiernos, en favor de su bienestar y armon\u00eda.<\/p>\n\n\n\n<p>\u201cLa seguridad siempre marca el rumbo de una regi\u00f3n; somos la segunda entidad m\u00e1s segura del pa\u00eds. Todos queremos vivir en paz, andar tranquilos por las calles. La Laguna y Durango vivieron momentos complejos hace algunos a\u00f1os, por eso hoy mantenemos ese esfuerzo de salvaguardar a las personas, con vigilancia y estado de alerta las 24 horas del d\u00eda, porque la seguridad es nuestra prioridad\u201d, expres\u00f3 el gobernador Esteban.<\/p>\n\n\n\n<p>\u201cGracias gobernador por su cercan\u00eda, respaldo y compromiso con nuestra regi\u00f3n. Su presencia demuestra que la seguridad se construye con unidad, con di\u00e1logo y con resultados\u201d, dijo Betzab\u00e9 Mart\u00ednez, al destacar que estas patrullas reforzar\u00e1n la presencia policial en colonias, fraccionamientos y comunidades rurales, para que todas las familias se sientan seguras y acompa\u00f1adas. \u201cDetr\u00e1s de cada acci\u00f3n de gobierno hay una familia que merece vivir en paz\u201d, puntualiz\u00f3.<\/p>\n\n\n\n<p>Indic\u00f3 que con estas nuevas unidades, el personal podr\u00e1 realizar su labor con mayor eficiencia. \u201cLa seguridad se trabaja con el coraz\u00f3n, con estrategia y en equipo. Seguiremos caminando de la mano con el Gobierno del Estado y bajo el liderazgo del Gobierno Federal, para que cada acci\u00f3n se traduzca en resultados para nuestro pueblo. Cuando los tres \u00f3rdenes de gobierno trabajan unidos y laten al mismo ritmo, Durango avanza con grandeza\u201d, a\u00f1adi\u00f3 la alcaldesa.<\/p>\n\n\n\n<p>Por su parte, Luis Alberto Duarte V\u00e1zquez, director de Seguridad P\u00fablica de G\u00f3mez Palacio, destac\u00f3 ante la presencia del secretario de Seguridad P\u00fablica del Estado, \u00d3scar Galv\u00e1n Villarreal, que se trabaja en coordinaci\u00f3n con la estrategia nacional para incrementar la presencia policial tanto en la zona urbana como en la ejidal, siempre al servicio de la comunidad y con el compromiso de hacer buen uso del nuevo equipo.<\/p>\n\n\n\n<p>En el arranque de operaci\u00f3n de las nuevas patrullas tambi\u00e9n estuvieron presentes el coronel de Artiller\u00eda del Estado Mayor, Omar Le\u00f3n Arbilo, el coronel Germ\u00e1n Vite Res\u00e9ndiz de la Guardia Nacional, as\u00ed como funcionarios estatales, municipales y representantes del sector empresarial.<\/p>\n","protected":false},"excerpt":{"rendered":"<p>* _La coordinaci\u00f3n entre Estado y Municipio fortalece la tranquilidad de las familias laguneras._ * _Las nuevas unidades permitir\u00e1n una respuesta m\u00e1s r\u00e1pida y eficiente ante cualquier emergencia._ G\u00f3mez Palacio, Dgo.- Con m\u00e1s patrullas y mejor vigilancia, las familias de la Laguna contar\u00e1n con mayor tranquilidad y seguridad. As\u00ed lo expres\u00f3 el gobernador Esteban Villegas [&hellip;]<\/p>\n","protected":false},"author":1,"featured_media":26465,"comment_status":"open","ping_status":"open","sticky":false,"template":"","format":"standard","meta":{"_monsterinsights_skip_tracking":false,"_monsterinsights_sitenote_active":false,"_monsterinsights_sitenote_note":"","_monsterinsights_sitenote_category":0,"footnotes":""},"categories":[1],"tags":[],"_links":{"self":[{"href":"https:\/\/zonalimitrofe-cbnr.com\/index.php\/wp-json\/wp\/v2\/posts\/26464"}],"collection":[{"href":"https:\/\/zonalimitrofe-cbnr.com\/index.php\/wp-json\/wp\/v2\/posts"}],"about":[{"href":"https:\/\/zonalimitrofe-cbnr.com\/index.php\/wp-json\/wp\/v2\/types\/post"}],"author":[{"embeddable":true,"href":"https:\/\/zonalimitrofe-cbnr.com\/index.php\/wp-json\/wp\/v2\/users\/1"}],"replies":[{"embeddable":true,"href":"https:\/\/zonalimitrofe-cbnr.com\/index.php\/wp-json\/wp\/v2\/comments?post=26464"}],"version-history":[{"count":1,"href":"https:\/\/zonalimitrofe-cbnr.com\/index.php\/wp-json\/wp\/v2\/posts\/26464\/revisions"}],"predecessor-version":[{"id":26466,"href":"https:\/\/zonalimitrofe-cbnr.com\/index.php\/wp-json\/wp\/v2\/posts\/26464\/revisions\/26466"}],"wp:featuredmedia":[{"embeddable":true,"href":"https:\/\/zonalimitrofe-cbnr.com\/index.php\/wp-json\/wp\/v2\/media\/26465"}],"wp:attachment":[{"href":"https:\/\/zonalimitrofe-cbnr.com\/index.php\/wp-json\/wp\/v2\/media?parent=26464"}],"wp:term":[{"taxonomy":"category","embeddable":true,"href":"https:\/\/zonalimitrofe-cbnr.com\/index.php\/wp-json\/wp\/v2\/categories?post=26464"},{"taxonomy":"post_tag","embeddable":true,"href":"https:\/\/zonalimitrofe-cbnr.com\/index.php\/wp-json\/wp\/v2\/tags?post=26464"}],"curies":[{"name":"wp","href":"https:\/\/api.w.org\/{rel}","templated":true}]}}