{"id":26458,"date":"2025-10-24T21:28:41","date_gmt":"2025-10-25T03:28:41","guid":{"rendered":"https:\/\/zonalimitrofe-cbnr.com\/?p=26458"},"modified":"2025-10-24T21:28:41","modified_gmt":"2025-10-25T03:28:41","slug":"lerdo-scts-arranca-proyecto-lerdo-activo-en-domos-publicos-cumpliendo-un-compromiso-de-campana","status":"publish","type":"post","link":"https:\/\/zonalimitrofe-cbnr.com\/index.php\/2025\/10\/24\/lerdo-scts-arranca-proyecto-lerdo-activo-en-domos-publicos-cumpliendo-un-compromiso-de-campana\/","title":{"rendered":"#Lerdo. SCTS ARRANCA PROYECTO \u201cLERDO ACTIVO\u201d EN DOMOS P\u00daBLICOS, CUMPLIENDO UN COMPROMISO DE CAMPA\u00d1A*"},"content":{"rendered":"\n<p>Lerdo, 24 de octubre del 2025.- La noche de este jueves, la Presidenta Municipal Susy Carolina Torrecillas Salazar cumpli\u00f3 un nuevo compromiso de campa\u00f1a con el arranque del proyecto \u201cLerdo Activo\u201d en Domos P\u00fablicos, acompa\u00f1ado de la instalaci\u00f3n de maestros de educaci\u00f3n f\u00edsica en los sectores rural, urbano y as\u00ed promover la actividad f\u00edsica en miles de j\u00f3venes.<\/p>\n\n\n\n<p>El evento se llev\u00f3 a cabo en el Domo P\u00fablico de Las Cuevas, con el respaldo de Omar Le\u00f3n Arroyo, encargado del Mando Especial de La Laguna, y del Coronel de Infanter\u00eda del Estado Mayor, comandante del 72 Batall\u00f3n de Infanter\u00eda, Fernando Rosas Clemente, la Presidenta Municipal envi\u00f3 un mensaje claro a los maestros de educaci\u00f3n f\u00edsica asignados a las comunidades m\u00e1s alejadas, garantizando seguridad y respaldo institucional para el desarrollo de sus actividades.<\/p>\n\n\n\n<p>En su mensaje, la Alcaldesa destac\u00f3 que en una primera etapa se contempla la participaci\u00f3n de 40 maestros de educaci\u00f3n f\u00edsica, quienes impartir\u00e1n diversas disciplinas deportivas a ni\u00f1as y ni\u00f1os durante las tardes, fortaleciendo la convivencia y la formaci\u00f3n integral.<\/p>\n\n\n\n<p>\u201cTodos son egresados de la Escuela de Educaci\u00f3n F\u00edsica (ELEF), y estar\u00e1n trabajando en comunidades como San Jacinto, La Loma, Margarito Machado, Nazareno, La Luz y Nuevo Graseros; as\u00ed como en zonas urbanas como Las Cruces, colonia 5 de Mayo, San Fernando y Fraccionamiento San Fernando, entre otras\u201d, expres\u00f3 Torrecillas Salazar.<\/p>\n\n\n\n<p>Este programa busca fortalecer el tejido social de Lerdo, promoviendo el bienestar f\u00edsico y emocional de la poblaci\u00f3n, atendiendo a la infancia, alej\u00e1ndola de las calles, y dando paso a la realizaci\u00f3n de torneos de Inter colonias, comunidades, entre otros. Adem\u00e1s de impulsar pol\u00edticas p\u00fablicas enfocadas en atender las necesidades tanto de las comunidades rurales como de la mancha urbana.<\/p>\n\n\n\n<p>Durante el evento, la Alcaldesa y su equipo de trabajo realizaron la entrega simb\u00f3lica de equipo deportivo a los maestros que estar\u00e1n impartiendo las distintas disciplinas, como lo son: ejercicios recreativos, de convivencia, futbol, basquetbol, entre otros, en los domos ubicados en los espacios p\u00fablicos del municipio.<\/p>\n","protected":false},"excerpt":{"rendered":"<p>Lerdo, 24 de octubre del 2025.- La noche de este jueves, la Presidenta Municipal Susy Carolina Torrecillas Salazar cumpli\u00f3 un nuevo compromiso de campa\u00f1a con el arranque del proyecto \u201cLerdo Activo\u201d en Domos P\u00fablicos, acompa\u00f1ado de la instalaci\u00f3n de maestros de educaci\u00f3n f\u00edsica en los sectores rural, urbano y as\u00ed promover la actividad f\u00edsica en [&hellip;]<\/p>\n","protected":false},"author":1,"featured_media":26459,"comment_status":"open","ping_status":"open","sticky":false,"template":"","format":"standard","meta":{"_monsterinsights_skip_tracking":false,"_monsterinsights_sitenote_active":false,"_monsterinsights_sitenote_note":"","_monsterinsights_sitenote_category":0,"footnotes":""},"categories":[1],"tags":[],"_links":{"self":[{"href":"https:\/\/zonalimitrofe-cbnr.com\/index.php\/wp-json\/wp\/v2\/posts\/26458"}],"collection":[{"href":"https:\/\/zonalimitrofe-cbnr.com\/index.php\/wp-json\/wp\/v2\/posts"}],"about":[{"href":"https:\/\/zonalimitrofe-cbnr.com\/index.php\/wp-json\/wp\/v2\/types\/post"}],"author":[{"embeddable":true,"href":"https:\/\/zonalimitrofe-cbnr.com\/index.php\/wp-json\/wp\/v2\/users\/1"}],"replies":[{"embeddable":true,"href":"https:\/\/zonalimitrofe-cbnr.com\/index.php\/wp-json\/wp\/v2\/comments?post=26458"}],"version-history":[{"count":1,"href":"https:\/\/zonalimitrofe-cbnr.com\/index.php\/wp-json\/wp\/v2\/posts\/26458\/revisions"}],"predecessor-version":[{"id":26460,"href":"https:\/\/zonalimitrofe-cbnr.com\/index.php\/wp-json\/wp\/v2\/posts\/26458\/revisions\/26460"}],"wp:featuredmedia":[{"embeddable":true,"href":"https:\/\/zonalimitrofe-cbnr.com\/index.php\/wp-json\/wp\/v2\/media\/26459"}],"wp:attachment":[{"href":"https:\/\/zonalimitrofe-cbnr.com\/index.php\/wp-json\/wp\/v2\/media?parent=26458"}],"wp:term":[{"taxonomy":"category","embeddable":true,"href":"https:\/\/zonalimitrofe-cbnr.com\/index.php\/wp-json\/wp\/v2\/categories?post=26458"},{"taxonomy":"post_tag","embeddable":true,"href":"https:\/\/zonalimitrofe-cbnr.com\/index.php\/wp-json\/wp\/v2\/tags?post=26458"}],"curies":[{"name":"wp","href":"https:\/\/api.w.org\/{rel}","templated":true}]}}