{"id":26442,"date":"2025-10-24T20:48:25","date_gmt":"2025-10-25T02:48:25","guid":{"rendered":"https:\/\/zonalimitrofe-cbnr.com\/?p=26442"},"modified":"2025-10-24T20:48:25","modified_gmt":"2025-10-25T02:48:25","slug":"gp-gomez-palacio-avanza-en-la-transformacion-con-atencion-ciudadana-y-coordinacion-institucional","status":"publish","type":"post","link":"https:\/\/zonalimitrofe-cbnr.com\/index.php\/2025\/10\/24\/gp-gomez-palacio-avanza-en-la-transformacion-con-atencion-ciudadana-y-coordinacion-institucional\/","title":{"rendered":"#GP. G\u00f3mez Palacio avanza en la Transformaci\u00f3n con atenci\u00f3n ciudadana y coordinaci\u00f3n institucional*"},"content":{"rendered":"\n<p>\u2022 M\u00e1s de 15 dependencias municipales, estatales y federales participaron en la Jornada Interinstitucional de Atenci\u00f3n Ciudadana.<br>\u2022 Se reafirma la coordinaci\u00f3n entre gobiernos para fortalecer la seguridad, el bienestar y la Transformaci\u00f3n en G\u00f3mez Palacio.<\/p>\n\n\n\n<p>La Presidenta Municipal de G\u00f3mez Palacio, Betzab\u00e9 Mart\u00ednez Arango, encabez\u00f3 este viernes la Jornada Interinstitucional de Atenci\u00f3n Ciudadana, un esfuerzo coordinado entre los tres \u00f3rdenes de gobierno que acerca servicios, asesor\u00edas y apoyos a las familias gomezpalatinas.<\/p>\n\n\n\n<p>Acompa\u00f1ada por el Secretario General de Gobierno, H\u00e9ctor Eduardo Vela Valenzuela, la alcaldesa envi\u00f3 un saludo y reconocimiento al Gobernador del Estado, Esteban Villegas Villarreal, quien \u2014dijo\u2014 \u201cel pasado mi\u00e9rcoles estuvo aqu\u00ed en La Laguna, refrendando con hechos su compromiso con esta regi\u00f3n y con G\u00f3mez Palacio\u201d.<\/p>\n\n\n\n<p>Betzab\u00e9 Mart\u00ednez destac\u00f3 que la presencia del mandatario estatal confirma la atenci\u00f3n prioritaria que el Gobierno de Durango brinda a la Comarca Lagunera, con inversiones, coordinaci\u00f3n y resultados concretos en materia de seguridad y desarrollo.<\/p>\n\n\n\n<p>Durante el evento, la Presidenta Municipal subray\u00f3 que esta jornada refleja el esp\u00edritu de la Transformaci\u00f3n, un modelo de gobierno que pone al centro a las personas y que impulsa pol\u00edticas p\u00fablicas con enfoque humanista.<\/p>\n\n\n\n<p>\u201cLa seguridad y el bienestar no se construyen con imposiciones, sino con empat\u00eda, prevenci\u00f3n y atenci\u00f3n a las causas. Cuando los tres \u00f3rdenes de gobierno trabajamos unidos, los resultados llegan directamente al pueblo\u201d, afirm\u00f3.<\/p>\n\n\n\n<p>La Jornada por la Paz reuni\u00f3 en la explanada del Ayuntamiento a instituciones municipales, estatales y federales que ofrecieron asesor\u00edas jur\u00eddicas, atenci\u00f3n a v\u00edctimas de violencia, orientaci\u00f3n sobre programas sociales, acompa\u00f1amiento psicol\u00f3gico y canalizaciones, entre otros servicios gratuitos.<\/p>\n\n\n\n<p>Previo a este evento, se llev\u00f3 a cabo la reuni\u00f3n de la Mesa de Seguridad en la Sala de Cabildo del Ayuntamiento gomezpalatino donde se cont\u00f3, adem\u00e1s, con la presencia del Coronel Omar Le\u00f3n Arroyo, comandante del Mando Especial Laguna y el Coronel Fernando Rosas Clemente, comandante del 72 Batall\u00f3n de Infanter\u00eda y la alcaldesa de Lerdo, Susy Torrecillas Salazar.<\/p>\n\n\n\n<p>Mart\u00ednez Arango record\u00f3 que este esfuerzo forma parte de la Mesa de Seguridad y Construcci\u00f3n de la Paz, donde se impulsa una estrategia integral para prevenir la violencia y generar oportunidades para todas y todos.<\/p>\n\n\n\n<p>Asimismo, destac\u00f3 la reciente entrega de 43 patrullas adquiridas con recursos municipales, como muestra del compromiso del Ayuntamiento con la seguridad y la confianza de las familias gomezpalatinas.<\/p>\n\n\n\n<p>\u201cAs\u00ed es como late el coraz\u00f3n de la Transformaci\u00f3n en G\u00f3mez Palacio: con coordinaci\u00f3n, con cercan\u00eda y con resultados\u201d, expres\u00f3.<\/p>\n\n\n\n<p>Con estas acciones, el Gobierno Municipal refrenda su compromiso con la Transformaci\u00f3n de G\u00f3mez Palacio, trabajando de la mano con el Estado y la Federaci\u00f3n para construir un municipio m\u00e1s justo, seguro y humano, donde cada persona viva en paz y con dignidad.<\/p>\n","protected":false},"excerpt":{"rendered":"<p>\u2022 M\u00e1s de 15 dependencias municipales, estatales y federales participaron en la Jornada Interinstitucional de Atenci\u00f3n Ciudadana.\u2022 Se reafirma la coordinaci\u00f3n entre gobiernos para fortalecer la seguridad, el bienestar y la Transformaci\u00f3n en G\u00f3mez Palacio. La Presidenta Municipal de G\u00f3mez Palacio, Betzab\u00e9 Mart\u00ednez Arango, encabez\u00f3 este viernes la Jornada Interinstitucional de Atenci\u00f3n Ciudadana, un esfuerzo [&hellip;]<\/p>\n","protected":false},"author":1,"featured_media":26443,"comment_status":"open","ping_status":"open","sticky":false,"template":"","format":"standard","meta":{"_monsterinsights_skip_tracking":false,"_monsterinsights_sitenote_active":false,"_monsterinsights_sitenote_note":"","_monsterinsights_sitenote_category":0,"footnotes":""},"categories":[1],"tags":[],"_links":{"self":[{"href":"https:\/\/zonalimitrofe-cbnr.com\/index.php\/wp-json\/wp\/v2\/posts\/26442"}],"collection":[{"href":"https:\/\/zonalimitrofe-cbnr.com\/index.php\/wp-json\/wp\/v2\/posts"}],"about":[{"href":"https:\/\/zonalimitrofe-cbnr.com\/index.php\/wp-json\/wp\/v2\/types\/post"}],"author":[{"embeddable":true,"href":"https:\/\/zonalimitrofe-cbnr.com\/index.php\/wp-json\/wp\/v2\/users\/1"}],"replies":[{"embeddable":true,"href":"https:\/\/zonalimitrofe-cbnr.com\/index.php\/wp-json\/wp\/v2\/comments?post=26442"}],"version-history":[{"count":1,"href":"https:\/\/zonalimitrofe-cbnr.com\/index.php\/wp-json\/wp\/v2\/posts\/26442\/revisions"}],"predecessor-version":[{"id":26444,"href":"https:\/\/zonalimitrofe-cbnr.com\/index.php\/wp-json\/wp\/v2\/posts\/26442\/revisions\/26444"}],"wp:featuredmedia":[{"embeddable":true,"href":"https:\/\/zonalimitrofe-cbnr.com\/index.php\/wp-json\/wp\/v2\/media\/26443"}],"wp:attachment":[{"href":"https:\/\/zonalimitrofe-cbnr.com\/index.php\/wp-json\/wp\/v2\/media?parent=26442"}],"wp:term":[{"taxonomy":"category","embeddable":true,"href":"https:\/\/zonalimitrofe-cbnr.com\/index.php\/wp-json\/wp\/v2\/categories?post=26442"},{"taxonomy":"post_tag","embeddable":true,"href":"https:\/\/zonalimitrofe-cbnr.com\/index.php\/wp-json\/wp\/v2\/tags?post=26442"}],"curies":[{"name":"wp","href":"https:\/\/api.w.org\/{rel}","templated":true}]}}