{"id":26439,"date":"2025-10-24T20:41:29","date_gmt":"2025-10-25T02:41:29","guid":{"rendered":"https:\/\/zonalimitrofe-cbnr.com\/?p=26439"},"modified":"2025-10-24T20:41:29","modified_gmt":"2025-10-25T02:41:29","slug":"lerdo-con-exito-arrancan-festivales-entre-flores-y-catrinas-en-lerdo","status":"publish","type":"post","link":"https:\/\/zonalimitrofe-cbnr.com\/index.php\/2025\/10\/24\/lerdo-con-exito-arrancan-festivales-entre-flores-y-catrinas-en-lerdo\/","title":{"rendered":"#Lerdo. CON \u00c9XITO ARRANCAN FESTIVALES \u201cENTRE FLORES Y CATRINAS\u201d EN LERDO*"},"content":{"rendered":"\n<p>Lerdo, 24 de octubre 2025.- La tarde del jueves 23 de octubre, el Museo Internacional del Capit\u00e1n Piloto Aviador Francisco Sarabia Tinoco se cubri\u00f3 de calaveras y color, iniciando con las festividades en el marco del D\u00eda de Muertos, denominada \u201cFestivales entre Flores y Catrinas\u201d.<\/p>\n\n\n\n<p>El director de Arte y Cultura, H\u00e9ctor Escamilla \u00c1vila, comparti\u00f3 que estas actividades se realizan por instrucci\u00f3n de la Presidenta Municipal Susy Carolina Torrecillas Salazar, manteniendo vivas las tradiciones, celebrando y honrando la memoria de los difuntos con alegr\u00eda, no con luto.<\/p>\n\n\n\n<p>As\u00ed mismo, agradeci\u00f3 a los asistentes y a los maestros de la Unidad Regional de Culturas Populares Ind\u00edgenas y Urbanas, perteneciente a la Secretar\u00eda de la Cultura de Gobierno de M\u00e9xico, por impartir el Taller de Papel Picado, en la explanada exterior del Museo conocido como \u201cEl Avi\u00f3n de Sarabia\u201d.<\/p>\n\n\n\n<p>El radiante atardecer combinaba con el c\u00e1lido \u00e1nimo de los participantes quienes con papel china y unas tijeras realizaban bellas creaciones para colocar en sus altares de muertos: flores, estrellas, corazones y c\u00edrculos fueron algunas de las figuras que aprendieron a hacer en este taller.<\/p>\n\n\n\n<p>Y cuando el sol se ocult\u00f3 y la noche brill\u00f3, al interior del Museo se inaugur\u00f3 la Exposici\u00f3n del Taller de Cartoner\u00eda Mexicana \u201cAlebrijes y Calaveras\u201d con el corte de list\u00f3n, contando con la participaci\u00f3n del titular de Arte y Cultura, H\u00e9ctor Escamilla; la reina de Lerdo 2024 \u2013 2025, Yuztra Grijalva; el Maestro del taller Alex Esquivel; y las regidoras de la Comisi\u00f3n de Arte y Cultura.<\/p>\n\n\n\n<p>Fueron diez alumnos del ya reconocido escultor de cartoner\u00eda mexicana, Alex Daniel Esquivel, quienes presentaron sus obras de arte como producto final de su laborioso trabajo en la creaci\u00f3n y aprendizaje de este tipo de arte.<\/p>\n\n\n\n<p>La exposici\u00f3n de estas asombrosas piezas continuar\u00e1 en el Museo del Capit\u00e1n Piloto Aviador Francisco Sarabia hasta el domingo 02 de noviembre, por lo que se invita a la ciudadan\u00eda para aprovechar y acudir a tomarse la foto con las monumentales calaveras y los coloridos alebrijes.<\/p>\n\n\n\n<p><\/p>\n","protected":false},"excerpt":{"rendered":"<p>Lerdo, 24 de octubre 2025.- La tarde del jueves 23 de octubre, el Museo Internacional del Capit\u00e1n Piloto Aviador Francisco Sarabia Tinoco se cubri\u00f3 de calaveras y color, iniciando con las festividades en el marco del D\u00eda de Muertos, denominada \u201cFestivales entre Flores y Catrinas\u201d. El director de Arte y Cultura, H\u00e9ctor Escamilla \u00c1vila, comparti\u00f3 [&hellip;]<\/p>\n","protected":false},"author":1,"featured_media":26440,"comment_status":"open","ping_status":"open","sticky":false,"template":"","format":"standard","meta":{"_monsterinsights_skip_tracking":false,"_monsterinsights_sitenote_active":false,"_monsterinsights_sitenote_note":"","_monsterinsights_sitenote_category":0,"footnotes":""},"categories":[1],"tags":[],"_links":{"self":[{"href":"https:\/\/zonalimitrofe-cbnr.com\/index.php\/wp-json\/wp\/v2\/posts\/26439"}],"collection":[{"href":"https:\/\/zonalimitrofe-cbnr.com\/index.php\/wp-json\/wp\/v2\/posts"}],"about":[{"href":"https:\/\/zonalimitrofe-cbnr.com\/index.php\/wp-json\/wp\/v2\/types\/post"}],"author":[{"embeddable":true,"href":"https:\/\/zonalimitrofe-cbnr.com\/index.php\/wp-json\/wp\/v2\/users\/1"}],"replies":[{"embeddable":true,"href":"https:\/\/zonalimitrofe-cbnr.com\/index.php\/wp-json\/wp\/v2\/comments?post=26439"}],"version-history":[{"count":1,"href":"https:\/\/zonalimitrofe-cbnr.com\/index.php\/wp-json\/wp\/v2\/posts\/26439\/revisions"}],"predecessor-version":[{"id":26441,"href":"https:\/\/zonalimitrofe-cbnr.com\/index.php\/wp-json\/wp\/v2\/posts\/26439\/revisions\/26441"}],"wp:featuredmedia":[{"embeddable":true,"href":"https:\/\/zonalimitrofe-cbnr.com\/index.php\/wp-json\/wp\/v2\/media\/26440"}],"wp:attachment":[{"href":"https:\/\/zonalimitrofe-cbnr.com\/index.php\/wp-json\/wp\/v2\/media?parent=26439"}],"wp:term":[{"taxonomy":"category","embeddable":true,"href":"https:\/\/zonalimitrofe-cbnr.com\/index.php\/wp-json\/wp\/v2\/categories?post=26439"},{"taxonomy":"post_tag","embeddable":true,"href":"https:\/\/zonalimitrofe-cbnr.com\/index.php\/wp-json\/wp\/v2\/tags?post=26439"}],"curies":[{"name":"wp","href":"https:\/\/api.w.org\/{rel}","templated":true}]}}