{"id":26427,"date":"2025-10-23T22:34:52","date_gmt":"2025-10-24T04:34:52","guid":{"rendered":"https:\/\/zonalimitrofe-cbnr.com\/?p=26427"},"modified":"2025-10-23T22:34:53","modified_gmt":"2025-10-24T04:34:53","slug":"durango-en-equipo-esteban-villegas-marisol-rosso-y-jose-alfredo-cordero-entregan-auxiliares-auditivos-lentes-y-aparatos-de-movilidad-que-cambian-vidas-en-durango","status":"publish","type":"post","link":"https:\/\/zonalimitrofe-cbnr.com\/index.php\/2025\/10\/23\/durango-en-equipo-esteban-villegas-marisol-rosso-y-jose-alfredo-cordero-entregan-auxiliares-auditivos-lentes-y-aparatos-de-movilidad-que-cambian-vidas-en-durango\/","title":{"rendered":"#Durango. En equipo, Esteban Villegas, Marisol Rosso y Jos\u00e9 Alfredo Cordero entregan auxiliares auditivos, lentes y aparatos de movilidad que cambian vidas en Durango*"},"content":{"rendered":"\n<p>* _El director nacional de la Beneficencia P\u00fablica reconoci\u00f3 el trabajo de Durango en favor de las personas con discapacidad._<\/p>\n\n\n\n<p>* _M\u00e1s de 2 mil 400 apoyos gratuitos se entregan en tres jornadas de salud en Durango._<\/p>\n\n\n\n<p>En Durango trabajamos para mejorar la calidad de vida de los duranguenses, afirm\u00f3 el gobernador Esteban Villegas Villarreal al encabezar, junto a su esposa Marisol Rosso Rivera y el director general de la Administraci\u00f3n del Patrimonio de la Beneficencia P\u00fablica, Jos\u00e9 Alfredo Cordero Esquivel, la entrega de m\u00e1s de 2,000 auxiliares auditivos, lentes y aparatos para la movilidad destinados a personas de Cuencam\u00e9, Canatl\u00e1n, Nombre de Dios, Vicente Guerrero y Durango.<\/p>\n\n\n\n<p>En un momento de cercan\u00eda con la gente, el gobernador expres\u00f3 que \u201csiempre ser\u00e1 muy importante un aparato auditivo, unos lentes o una silla de ruedas, porque le cambian la vida a las personas, a ni\u00f1os, j\u00f3venes y adultos mayores\u201d. Se\u00f1al\u00f3 adem\u00e1s que este programa es totalmente gratuito y que nadie debe cobrar por la entrega de los apoyos.<\/p>\n\n\n\n<p>Por su parte, la presidenta del DIF Estatal, Marisol Rosso, coment\u00f3 que \u201choy estamos transformando vidas, porque las familias confiaron su salud en el Gobierno; entregan lo m\u00e1s preciado, que es la salud de sus seres queridos\u201d. Agradeci\u00f3 al director nacional del Patrimonio de la Beneficencia P\u00fablica su respaldo para llegar a quienes m\u00e1s lo necesitan, y destac\u00f3 que en el DIF Estatal se trabaja para generar esperanza en las familias: \u201cNo s\u00f3lo entregamos aparatos, devolvemos la vista, la audici\u00f3n y la movilidad para que las personas puedan continuar con sus terapias y actividades\u201d.<\/p>\n\n\n\n<p>En su participaci\u00f3n, Jos\u00e9 Alfredo Cordero, agradeci\u00f3 al Gobierno del Estado su colaboraci\u00f3n para hacer posibles estas jornadas. \u201cA nivel nacional ponemos un granito de arena, pero el resto es el gran trabajo del DIF Estatal. El gobernador realiza una labor ejemplar por las personas con discapacidad, con una visi\u00f3n profundamente humana\u201d, afirm\u00f3.<\/p>\n\n\n\n<p>Durango ha impulsado importantes proyectos y, sobre todo, ha fortalecido su sistema de salud. \u201cEl liderazgo de Esteban Villegas inspira confianza, con resultados tangibles y compromiso con los duranguenses; por eso, a nombre del Secretario de Salud Federal, vamos a duplicar los apoyos para beneficiar a m\u00e1s personas\u201d, concluy\u00f3.<\/p>\n\n\n\n<p>Por su parte, Mar\u00eda Eugenia Orrante Mendoza, directora del Patrimonio de la Beneficencia P\u00fablica, destac\u00f3 que \u201clas personas con discapacidad enfrentan barreras para ejercer sus derechos b\u00e1sicos; por ello, la entrega de auxiliares auditivos, lentes y aparatos para la movilidad representa acciones que transforman su vida e integraci\u00f3n social\u201d. Resalt\u00f3 que el Gobierno del Estado atiende al mayor n\u00famero de beneficiarios, para que tengan una mejor calidad de vida, y que los apoyos federales llegan a quienes m\u00e1s los necesitan.<\/p>\n\n\n\n<p>Las tres jornadas permitir\u00e1n entregar un total de 2 mil 400 apoyos que mejorar\u00e1n la calidad de vida y la reintegraci\u00f3n de cada beneficiario. Durante la jornada auditiva se atender\u00e1 a 626 personas con mil 252 auxiliares auditivos; adem\u00e1s, 526 recibir\u00e1n lentes graduados y 624 obtendr\u00e1n aparatos de movilidad como sillas de ruedas, andaderas, bastones, sillas de ba\u00f1o y muletas.<br><\/p>\n","protected":false},"excerpt":{"rendered":"<p>* _El director nacional de la Beneficencia P\u00fablica reconoci\u00f3 el trabajo de Durango en favor de las personas con discapacidad._ * _M\u00e1s de 2 mil 400 apoyos gratuitos se entregan en tres jornadas de salud en Durango._ En Durango trabajamos para mejorar la calidad de vida de los duranguenses, afirm\u00f3 el gobernador Esteban Villegas Villarreal [&hellip;]<\/p>\n","protected":false},"author":1,"featured_media":26428,"comment_status":"open","ping_status":"open","sticky":false,"template":"","format":"standard","meta":{"_monsterinsights_skip_tracking":false,"_monsterinsights_sitenote_active":false,"_monsterinsights_sitenote_note":"","_monsterinsights_sitenote_category":0,"footnotes":""},"categories":[1],"tags":[],"_links":{"self":[{"href":"https:\/\/zonalimitrofe-cbnr.com\/index.php\/wp-json\/wp\/v2\/posts\/26427"}],"collection":[{"href":"https:\/\/zonalimitrofe-cbnr.com\/index.php\/wp-json\/wp\/v2\/posts"}],"about":[{"href":"https:\/\/zonalimitrofe-cbnr.com\/index.php\/wp-json\/wp\/v2\/types\/post"}],"author":[{"embeddable":true,"href":"https:\/\/zonalimitrofe-cbnr.com\/index.php\/wp-json\/wp\/v2\/users\/1"}],"replies":[{"embeddable":true,"href":"https:\/\/zonalimitrofe-cbnr.com\/index.php\/wp-json\/wp\/v2\/comments?post=26427"}],"version-history":[{"count":1,"href":"https:\/\/zonalimitrofe-cbnr.com\/index.php\/wp-json\/wp\/v2\/posts\/26427\/revisions"}],"predecessor-version":[{"id":26429,"href":"https:\/\/zonalimitrofe-cbnr.com\/index.php\/wp-json\/wp\/v2\/posts\/26427\/revisions\/26429"}],"wp:featuredmedia":[{"embeddable":true,"href":"https:\/\/zonalimitrofe-cbnr.com\/index.php\/wp-json\/wp\/v2\/media\/26428"}],"wp:attachment":[{"href":"https:\/\/zonalimitrofe-cbnr.com\/index.php\/wp-json\/wp\/v2\/media?parent=26427"}],"wp:term":[{"taxonomy":"category","embeddable":true,"href":"https:\/\/zonalimitrofe-cbnr.com\/index.php\/wp-json\/wp\/v2\/categories?post=26427"},{"taxonomy":"post_tag","embeddable":true,"href":"https:\/\/zonalimitrofe-cbnr.com\/index.php\/wp-json\/wp\/v2\/tags?post=26427"}],"curies":[{"name":"wp","href":"https:\/\/api.w.org\/{rel}","templated":true}]}}