{"id":26400,"date":"2025-10-22T21:58:18","date_gmt":"2025-10-23T03:58:18","guid":{"rendered":"https:\/\/zonalimitrofe-cbnr.com\/?p=26400"},"modified":"2025-10-22T21:58:18","modified_gmt":"2025-10-23T03:58:18","slug":"coahuila-lleva-gobierno-de-coahuila-ferias-de-empleo-a-todas-las-regiones","status":"publish","type":"post","link":"https:\/\/zonalimitrofe-cbnr.com\/index.php\/2025\/10\/22\/coahuila-lleva-gobierno-de-coahuila-ferias-de-empleo-a-todas-las-regiones\/","title":{"rendered":"#Coahuila. LLEVA GOBIERNO DE COAHUILA FERIAS DE EMPLEO A TODAS LAS REGIONES"},"content":{"rendered":"\n<p>\u00b7 Cerrar\u00e1 el a\u00f1o con 20 ferias de empleo y vinculaci\u00f3n laboral<\/p>\n\n\n\n<p>Saltillo, Coahuila, 22 de octubre de 2025.\u2013 El Gobierno de Coahuila, a trav\u00e9s de la Secretar\u00eda del Trabajo y en coordinaci\u00f3n con el Servicio Nacional de Empleo, han realizado eventos de vinculaci\u00f3n laboral en todas las regiones del estado, lo que permite llevar los beneficios del desarrollo con justicia social, a cada vez m\u00e1s coahuilenses.<\/p>\n\n\n\n<p>Durante los pr\u00f3ximos d\u00edas, se realizar\u00e1n en Saltillo y Torre\u00f3n Ferias de Empleo dirigidas a grupos vulnerables, en las que se ofertar\u00e1n m\u00e1s de 600 vacantes por parte de 31 empresas establecidas en el estado.<\/p>\n\n\n\n<p>El gobernador de Coahuila, Manolo Jim\u00e9nez Salinas, destac\u00f3 que estos eventos de vinculaci\u00f3n est\u00e1n dise\u00f1ados para llevar los beneficios del desarrollo del estado a todos los habitantes de Coahuila, especialmente a quienes se encuentran en situaci\u00f3n de vulnerabilidad, como personas con discapacidad, adultos mayores, personas en movilidad, integrantes de la comunidad LGBTIQ+, entre otros.<\/p>\n\n\n\n<p>En Saltillo, la Feria de Empleo se llevar\u00e1 a cabo este viernes 24 de octubre en las instalaciones del CRIT Coahuila, ubicadas en el Centro Metropolitano, de 09:00 a 14:00 horas, y contar\u00e1 con m\u00e1s de 300 vacantes.<\/p>\n\n\n\n<p>En Torre\u00f3n, el evento se realizar\u00e1 el 31 de octubre en las instalaciones de CANACO, con la participaci\u00f3n de 15 empresas incluyentes y socialmente responsables.<\/p>\n\n\n\n<p>\u201cAqu\u00ed se trata de que los beneficios del dinamismo econ\u00f3mico que vive Coahuila se reflejen en una mejor calidad de vida para todos los coahuilenses. Estos eventos de vinculaci\u00f3n nos permiten incorporar al trabajo formal a quienes hist\u00f3ricamente han enfrentado mayores dificultades para conseguir empleo, y as\u00ed puedan contar con seguridad social, cr\u00e9ditos de Infonavit y, sobre todo, con un empleo que valore y remunere su esfuerzo\u201d, mencion\u00f3 el gobernador.<\/p>\n\n\n\n<p>Destac\u00f3 que, aunque este mes se realizar\u00e1n dos eventos dirigidos a grupos vulnerables, la pol\u00edtica del Gobierno de Coahuila es que en todas las Ferias de Empleo un porcentaje significativo de las vacantes est\u00e9 disponible para personas pertenecientes a estos grupos.<\/p>\n\n\n\n<p>La secretaria del Trabajo, Nazira Zogbi Castro, inform\u00f3 que en lo que va de 2025 se han realizado ya 17 Grandes Ferias de Empleo en el estado, en las que se han ofertado m\u00e1s de 12 mil vacantes en empleos formales, lo que demuestra que en Coahuila el empleo sigue fuerte, incluso en meses donde la situaci\u00f3n econ\u00f3mica y laboral atraviesa momentos complicados.<\/p>\n","protected":false},"excerpt":{"rendered":"<p>\u00b7 Cerrar\u00e1 el a\u00f1o con 20 ferias de empleo y vinculaci\u00f3n laboral Saltillo, Coahuila, 22 de octubre de 2025.\u2013 El Gobierno de Coahuila, a trav\u00e9s de la Secretar\u00eda del Trabajo y en coordinaci\u00f3n con el Servicio Nacional de Empleo, han realizado eventos de vinculaci\u00f3n laboral en todas las regiones del estado, lo que permite llevar [&hellip;]<\/p>\n","protected":false},"author":1,"featured_media":26401,"comment_status":"open","ping_status":"open","sticky":false,"template":"","format":"standard","meta":{"_monsterinsights_skip_tracking":false,"_monsterinsights_sitenote_active":false,"_monsterinsights_sitenote_note":"","_monsterinsights_sitenote_category":0,"footnotes":""},"categories":[1],"tags":[],"_links":{"self":[{"href":"https:\/\/zonalimitrofe-cbnr.com\/index.php\/wp-json\/wp\/v2\/posts\/26400"}],"collection":[{"href":"https:\/\/zonalimitrofe-cbnr.com\/index.php\/wp-json\/wp\/v2\/posts"}],"about":[{"href":"https:\/\/zonalimitrofe-cbnr.com\/index.php\/wp-json\/wp\/v2\/types\/post"}],"author":[{"embeddable":true,"href":"https:\/\/zonalimitrofe-cbnr.com\/index.php\/wp-json\/wp\/v2\/users\/1"}],"replies":[{"embeddable":true,"href":"https:\/\/zonalimitrofe-cbnr.com\/index.php\/wp-json\/wp\/v2\/comments?post=26400"}],"version-history":[{"count":1,"href":"https:\/\/zonalimitrofe-cbnr.com\/index.php\/wp-json\/wp\/v2\/posts\/26400\/revisions"}],"predecessor-version":[{"id":26402,"href":"https:\/\/zonalimitrofe-cbnr.com\/index.php\/wp-json\/wp\/v2\/posts\/26400\/revisions\/26402"}],"wp:featuredmedia":[{"embeddable":true,"href":"https:\/\/zonalimitrofe-cbnr.com\/index.php\/wp-json\/wp\/v2\/media\/26401"}],"wp:attachment":[{"href":"https:\/\/zonalimitrofe-cbnr.com\/index.php\/wp-json\/wp\/v2\/media?parent=26400"}],"wp:term":[{"taxonomy":"category","embeddable":true,"href":"https:\/\/zonalimitrofe-cbnr.com\/index.php\/wp-json\/wp\/v2\/categories?post=26400"},{"taxonomy":"post_tag","embeddable":true,"href":"https:\/\/zonalimitrofe-cbnr.com\/index.php\/wp-json\/wp\/v2\/tags?post=26400"}],"curies":[{"name":"wp","href":"https:\/\/api.w.org\/{rel}","templated":true}]}}