{"id":26397,"date":"2025-10-22T21:55:34","date_gmt":"2025-10-23T03:55:34","guid":{"rendered":"https:\/\/zonalimitrofe-cbnr.com\/?p=26397"},"modified":"2025-10-22T21:55:34","modified_gmt":"2025-10-23T03:55:34","slug":"durango-con-300-nuevas-luminarias-esteban-y-betzabe-hacen-de-gomez-palacio-una-ciudad-mas-segura-moderna-y-bonita","status":"publish","type":"post","link":"https:\/\/zonalimitrofe-cbnr.com\/index.php\/2025\/10\/22\/durango-con-300-nuevas-luminarias-esteban-y-betzabe-hacen-de-gomez-palacio-una-ciudad-mas-segura-moderna-y-bonita\/","title":{"rendered":"#Durango. Con 300 nuevas luminarias, Esteban y Betzab\u00e9 hacen de G\u00f3mez Palacio una ciudad m\u00e1s segura, moderna y bonita*"},"content":{"rendered":"\n<p>* Se tendr\u00e1 un nuevo alumbrado p\u00fablico que fortalece la seguridad y la imagen urbana de colonias y ejidos.*<\/p>\n\n\n\n<p>* _El Gobierno del Estado y el municipio trabajan en conjunto por una Laguna m\u00e1s digna y segura._<\/p>\n\n\n\n<p>G\u00f3mez Palacio, Dgo.- Con una ciudad m\u00e1s iluminada, segura y bonita, G\u00f3mez Palacio avanza hacia un mejor futuro gracias al trabajo en equipo entre el Gobierno del Estado y el Ayuntamiento. El gobernador Esteban Villegas Villarreal afirm\u00f3 que se le cambi\u00f3 la vida a la Laguna para siempre, al entregar, junto con la presidenta municipal Betzab\u00e9 Mart\u00ednez Arango, 300 luminarias que beneficiar\u00e1n a 19 colonias y ejidos del municipio.<\/p>\n\n\n\n<p>\u201cJunto con la presidenta municipal tenemos calles m\u00e1s seguras, iluminadas y espacios m\u00e1s bonitos por donde caminan las familias\u201d, expres\u00f3 Villegas Villarreal, tras se\u00f1alar que tambi\u00e9n se invertir\u00e1n recursos en obras de agua potable y drenaje, que aunque no son visibles, impactan directamente en la salud de las personas.<\/p>\n\n\n\n<p>Adicionalmente, anunci\u00f3 que se elaborar\u00e1 un plan estructural de infraestructura urbana para todo el municipio, que incluir\u00e1 acciones de seguridad, rescate de espacios p\u00fablicos y rehabilitaci\u00f3n de \u00e1reas emblem\u00e1ticas como el Parque Morelos. \u201cAs\u00ed vamos a ir haciendo obras con la presidenta municipal para tener un municipio digno para todos\u201d, enfatiz\u00f3.<\/p>\n\n\n\n<p>Por su parte, Betzab\u00e9 Mart\u00ednez destac\u00f3 que en G\u00f3mez Palacio siguen iluminando el camino de la transformaci\u00f3n, y que la instalaci\u00f3n de nuevas l\u00e1mparas representa mucho m\u00e1s que una obra de infraestructura.<\/p>\n\n\n\n<p>\u201cEs una muestra de trabajo y gesti\u00f3n en unidad de nuestros gobiernos, de brindar servicios p\u00fablicos eficientes y humanos. Agradezco profundamente la voluntad del gobernador Esteban Villegas Villarreal al hacernos esta valiosa entrega que refrenda su compromiso. Hoy m\u00e1s que nunca estamos construyendo un gran equipo. Gracias a su apoyo avanzamos en la renovaci\u00f3n del alumbrado p\u00fablico, una acci\u00f3n que transforma nuestros espacios y mejora la seguridad en todas nuestras colonias\u201d, expres\u00f3.<\/p>\n\n\n\n<p>En relaci\u00f3n con este programa, el secretario de Bienestar Social del Estado (Sebised), David Pay\u00e1n Guerrero, destac\u00f3 que \u201ccada que el gobernador visita un lugar, enciende el \u00e1nimo\u201d. Agreg\u00f3 que con esta entrega, el gobernador mejora la seguridad y la visibilidad de los espacios urbanos, beneficiando directamente a las familias.<\/p>\n\n\n\n<p>Durante esta gira tambi\u00e9n estuvieron presentes la secretaria de Comunicaciones y Obras P\u00fablicas (Secope), Ana Rosa Hern\u00e1ndez Renter\u00eda; el subsecretario de Sebised en La Laguna, Nazario Ortega Vera; el subsecretario de Econom\u00eda, Arturo Ort\u00edz Gal\u00e1n; as\u00ed como beneficiarios de diversos ejidos.<\/p>\n\n\n\n<p>De esta forma, y en coordinaci\u00f3n entre los tres niveles de gobierno, el gobernador logra que los recursos se apliquen con eficiencia, lleguen a m\u00e1s familias y contribuyan a que G\u00f3mez Palacio sea una ciudad m\u00e1s segura, moderna e iluminada.<br><\/p>\n","protected":false},"excerpt":{"rendered":"<p>* Se tendr\u00e1 un nuevo alumbrado p\u00fablico que fortalece la seguridad y la imagen urbana de colonias y ejidos.* * _El Gobierno del Estado y el municipio trabajan en conjunto por una Laguna m\u00e1s digna y segura._ G\u00f3mez Palacio, Dgo.- Con una ciudad m\u00e1s iluminada, segura y bonita, G\u00f3mez Palacio avanza hacia un mejor futuro [&hellip;]<\/p>\n","protected":false},"author":1,"featured_media":26398,"comment_status":"open","ping_status":"open","sticky":false,"template":"","format":"standard","meta":{"_monsterinsights_skip_tracking":false,"_monsterinsights_sitenote_active":false,"_monsterinsights_sitenote_note":"","_monsterinsights_sitenote_category":0,"footnotes":""},"categories":[1],"tags":[],"_links":{"self":[{"href":"https:\/\/zonalimitrofe-cbnr.com\/index.php\/wp-json\/wp\/v2\/posts\/26397"}],"collection":[{"href":"https:\/\/zonalimitrofe-cbnr.com\/index.php\/wp-json\/wp\/v2\/posts"}],"about":[{"href":"https:\/\/zonalimitrofe-cbnr.com\/index.php\/wp-json\/wp\/v2\/types\/post"}],"author":[{"embeddable":true,"href":"https:\/\/zonalimitrofe-cbnr.com\/index.php\/wp-json\/wp\/v2\/users\/1"}],"replies":[{"embeddable":true,"href":"https:\/\/zonalimitrofe-cbnr.com\/index.php\/wp-json\/wp\/v2\/comments?post=26397"}],"version-history":[{"count":1,"href":"https:\/\/zonalimitrofe-cbnr.com\/index.php\/wp-json\/wp\/v2\/posts\/26397\/revisions"}],"predecessor-version":[{"id":26399,"href":"https:\/\/zonalimitrofe-cbnr.com\/index.php\/wp-json\/wp\/v2\/posts\/26397\/revisions\/26399"}],"wp:featuredmedia":[{"embeddable":true,"href":"https:\/\/zonalimitrofe-cbnr.com\/index.php\/wp-json\/wp\/v2\/media\/26398"}],"wp:attachment":[{"href":"https:\/\/zonalimitrofe-cbnr.com\/index.php\/wp-json\/wp\/v2\/media?parent=26397"}],"wp:term":[{"taxonomy":"category","embeddable":true,"href":"https:\/\/zonalimitrofe-cbnr.com\/index.php\/wp-json\/wp\/v2\/categories?post=26397"},{"taxonomy":"post_tag","embeddable":true,"href":"https:\/\/zonalimitrofe-cbnr.com\/index.php\/wp-json\/wp\/v2\/tags?post=26397"}],"curies":[{"name":"wp","href":"https:\/\/api.w.org\/{rel}","templated":true}]}}