{"id":26391,"date":"2025-10-22T21:50:53","date_gmt":"2025-10-23T03:50:53","guid":{"rendered":"https:\/\/zonalimitrofe-cbnr.com\/?p=26391"},"modified":"2025-10-22T21:50:53","modified_gmt":"2025-10-23T03:50:53","slug":"torreon-invitan-a-aprovechar-campana-de-vacunacion-contra-la-influenza-en-salud-municipal","status":"publish","type":"post","link":"https:\/\/zonalimitrofe-cbnr.com\/index.php\/2025\/10\/22\/torreon-invitan-a-aprovechar-campana-de-vacunacion-contra-la-influenza-en-salud-municipal\/","title":{"rendered":"#Torre\u00f3n. Invitan a aprovechar campa\u00f1a de vacunaci\u00f3n contra la influenza en Salud Municipal"},"content":{"rendered":"\n<p>Torre\u00f3n, Coahuila a 22 de octubre del 2025<\/p>\n\n\n\n<p>La Direcci\u00f3n de Salud P\u00fablica Municipal invita a la poblaci\u00f3n a la campa\u00f1a de vacunaci\u00f3n contra la influenza estacional, que se lleva a cabo en las instalaciones de la dependencia con el objetivo de protegerse y anticiparse a la temporada invernal.<\/p>\n\n\n\n<p>La aplicaci\u00f3n es completamente gratuita y est\u00e1 disponible en un horario de atenci\u00f3n de lunes a viernes de 08:00 a 14:00 horas.<\/p>\n\n\n\n<p>Jos\u00e9 Manuel Riveroll Duarte, director de la dependencia, destac\u00f3 que esta vacuna es una medida de prevenci\u00f3n fundamental, especialmente para personas con padecimientos cr\u00f3nicos o en situaci\u00f3n de vulnerabilidad como ni\u00f1os, adultos mayores, mujeres embarazadas y personas con enfermedades respiratorias o del sistema inmunol\u00f3gico.<\/p>\n\n\n\n<p>\u201cLa Administraci\u00f3n del alcalde Rom\u00e1n Alberto Cepeda Gonz\u00e1lez ha puesto especial \u00e9nfasis en la prevenci\u00f3n como eje central de las pol\u00edticas de salud p\u00fablica, y con esta campa\u00f1a reforzamos el compromiso de salvaguardar la salud de las y los torreonenses, priorizando a quienes m\u00e1s lo necesitan\u201d, se\u00f1al\u00f3 el director.<\/p>\n\n\n\n<p>Riveroll Duarte explic\u00f3 que la inmunizaci\u00f3n no solo reduce el riesgo de contagio, sino que tambi\u00e9n disminuye la gravedad de los s\u00edntomas en caso de enfermedad, adem\u00e1s de bajar significativamente las probabilidades de hospitalizaci\u00f3n.<\/p>\n\n\n\n<p>\u201cLa vacuna puede aplicarse a partir de los seis meses de edad. Es fundamental que los grupos m\u00e1s vulnerables acudan para estar mejor protegidos\u201d, subray\u00f3 el funcionario.<\/p>\n\n\n\n<p>Finalmente, Riveroll Duarte exhort\u00f3 a los adultos mayores a complementar su cuidado con una alimentaci\u00f3n balanceada y rica en fibra, prote\u00ednas y antioxidantes para fortalecer su sistema inmunol\u00f3gico durante esta \u00e9poca del a\u00f1o.<\/p>\n\n\n\n<p>La Direcci\u00f3n de Salud P\u00fablica Municipal se encuentra ubicada en avenida Ocampo 1133, colonia Tercero de Cobi\u00e1n<\/p>\n","protected":false},"excerpt":{"rendered":"<p>Torre\u00f3n, Coahuila a 22 de octubre del 2025 La Direcci\u00f3n de Salud P\u00fablica Municipal invita a la poblaci\u00f3n a la campa\u00f1a de vacunaci\u00f3n contra la influenza estacional, que se lleva a cabo en las instalaciones de la dependencia con el objetivo de protegerse y anticiparse a la temporada invernal. La aplicaci\u00f3n es completamente gratuita y [&hellip;]<\/p>\n","protected":false},"author":1,"featured_media":26392,"comment_status":"open","ping_status":"open","sticky":false,"template":"","format":"standard","meta":{"_monsterinsights_skip_tracking":false,"_monsterinsights_sitenote_active":false,"_monsterinsights_sitenote_note":"","_monsterinsights_sitenote_category":0,"footnotes":""},"categories":[1],"tags":[],"_links":{"self":[{"href":"https:\/\/zonalimitrofe-cbnr.com\/index.php\/wp-json\/wp\/v2\/posts\/26391"}],"collection":[{"href":"https:\/\/zonalimitrofe-cbnr.com\/index.php\/wp-json\/wp\/v2\/posts"}],"about":[{"href":"https:\/\/zonalimitrofe-cbnr.com\/index.php\/wp-json\/wp\/v2\/types\/post"}],"author":[{"embeddable":true,"href":"https:\/\/zonalimitrofe-cbnr.com\/index.php\/wp-json\/wp\/v2\/users\/1"}],"replies":[{"embeddable":true,"href":"https:\/\/zonalimitrofe-cbnr.com\/index.php\/wp-json\/wp\/v2\/comments?post=26391"}],"version-history":[{"count":1,"href":"https:\/\/zonalimitrofe-cbnr.com\/index.php\/wp-json\/wp\/v2\/posts\/26391\/revisions"}],"predecessor-version":[{"id":26393,"href":"https:\/\/zonalimitrofe-cbnr.com\/index.php\/wp-json\/wp\/v2\/posts\/26391\/revisions\/26393"}],"wp:featuredmedia":[{"embeddable":true,"href":"https:\/\/zonalimitrofe-cbnr.com\/index.php\/wp-json\/wp\/v2\/media\/26392"}],"wp:attachment":[{"href":"https:\/\/zonalimitrofe-cbnr.com\/index.php\/wp-json\/wp\/v2\/media?parent=26391"}],"wp:term":[{"taxonomy":"category","embeddable":true,"href":"https:\/\/zonalimitrofe-cbnr.com\/index.php\/wp-json\/wp\/v2\/categories?post=26391"},{"taxonomy":"post_tag","embeddable":true,"href":"https:\/\/zonalimitrofe-cbnr.com\/index.php\/wp-json\/wp\/v2\/tags?post=26391"}],"curies":[{"name":"wp","href":"https:\/\/api.w.org\/{rel}","templated":true}]}}