{"id":26385,"date":"2025-10-22T21:38:52","date_gmt":"2025-10-23T03:38:52","guid":{"rendered":"https:\/\/zonalimitrofe-cbnr.com\/?p=26385"},"modified":"2025-10-22T21:38:52","modified_gmt":"2025-10-23T03:38:52","slug":"congresocoahuila-inauguran-exposicion-en-el-marco-del-45-aniversario-de-la-facultad-de-comunicacion-de-la-uadec","status":"publish","type":"post","link":"https:\/\/zonalimitrofe-cbnr.com\/index.php\/2025\/10\/22\/congresocoahuila-inauguran-exposicion-en-el-marco-del-45-aniversario-de-la-facultad-de-comunicacion-de-la-uadec\/","title":{"rendered":"#CongresoCoahuila. Inauguran exposici\u00f3n en el marco del 45 Aniversario de la Facultad de Comunicaci\u00f3n de la UAdeC"},"content":{"rendered":"\n<p><strong>Saltillo, Coahuila, a 22 de octubre de 2025<\/strong><em>.-<\/em>\u00a0En el Congreso del Estado de Coahuila fue inaugurada la exposici\u00f3n \u00bfQui\u00e9n est\u00e1 vivo?, una muestra que re\u00fane fotograf\u00edas, pinturas y piezas de arte creadas por estudiantes de la Facultad de Ciencias de la Comunicaci\u00f3n de la Universidad Aut\u00f3noma de Coahuila. Esta exposici\u00f3n forma parte de las actividades conmemorativas por el 45 aniversario de esta instituci\u00f3n que ha formado numerosas generaciones de profesionales de la comunicaci\u00f3n. En este evento estuvieron presentes en el pres\u00eddium la presidenta de la Junta de Gobierno del Congreso del Estado, diputada Luz Elena Morales N\u00fa\u00f1ez; el Ing. Octavio Pimentel Mart\u00ednez, rector de la UAdeC; el Dr. Miguel S\u00e1nchez Maldonado, director de la Facultad de Comunicaci\u00f3n; \u00a0la Lic. Ana Rebeca Rodr\u00edguez Villareal, docente de la Facultad; Edith N\u00fa\u00f1ez Peque\u00f1o, Secretaria Acad\u00e9mica. Adem\u00e1s estuvieron presentes diputadas y diputados de la Sexag\u00e9sima Tercera Legislatura, alumnas y alumnos, docentes, entre otros distinguidos invitados. La diputada Luz Elena Morales reconoci\u00f3 y felicit\u00f3 a la Facultad por su aniversario, as\u00ed como a los j\u00f3venes artistas Itzel, Pascual y Alan quienes a trav\u00e9s de su obra logran transmitir una reflexi\u00f3n poderosa sobre la muerte, el duelo y la permanencia, sobre la forma en que las personas conviven con quienes aman y c\u00f3mo recuerdan a quienes ya no est\u00e1n. La diputada reiter\u00f3 que las puertas del Congreso est\u00e1n abiertas para el personal docente y alumnado de la Universidad. Asimismo, tuvieron intervenciones el rector Octavio Pimentel y el director Miguel S\u00e1nchez, reiterando su compromiso de continuar impulsando a las y los j\u00f3venes artistas, asimismo agradecieron al Congreso la apertura de un espacio para que las y los estudiantes sean escuchados.\u00a0 Posteriormente se realiz\u00f3 el corte de list\u00f3n para inaugurar la exposici\u00f3n y se hizo un recorrido por la misma.<\/p>\n","protected":false},"excerpt":{"rendered":"<p>Saltillo, Coahuila, a 22 de octubre de 2025.-\u00a0En el Congreso del Estado de Coahuila fue inaugurada la exposici\u00f3n \u00bfQui\u00e9n est\u00e1 vivo?, una muestra que re\u00fane fotograf\u00edas, pinturas y piezas de arte creadas por estudiantes de la Facultad de Ciencias de la Comunicaci\u00f3n de la Universidad Aut\u00f3noma de Coahuila. Esta exposici\u00f3n forma parte de las actividades [&hellip;]<\/p>\n","protected":false},"author":1,"featured_media":26386,"comment_status":"open","ping_status":"open","sticky":false,"template":"","format":"standard","meta":{"_monsterinsights_skip_tracking":false,"_monsterinsights_sitenote_active":false,"_monsterinsights_sitenote_note":"","_monsterinsights_sitenote_category":0,"footnotes":""},"categories":[1],"tags":[],"_links":{"self":[{"href":"https:\/\/zonalimitrofe-cbnr.com\/index.php\/wp-json\/wp\/v2\/posts\/26385"}],"collection":[{"href":"https:\/\/zonalimitrofe-cbnr.com\/index.php\/wp-json\/wp\/v2\/posts"}],"about":[{"href":"https:\/\/zonalimitrofe-cbnr.com\/index.php\/wp-json\/wp\/v2\/types\/post"}],"author":[{"embeddable":true,"href":"https:\/\/zonalimitrofe-cbnr.com\/index.php\/wp-json\/wp\/v2\/users\/1"}],"replies":[{"embeddable":true,"href":"https:\/\/zonalimitrofe-cbnr.com\/index.php\/wp-json\/wp\/v2\/comments?post=26385"}],"version-history":[{"count":1,"href":"https:\/\/zonalimitrofe-cbnr.com\/index.php\/wp-json\/wp\/v2\/posts\/26385\/revisions"}],"predecessor-version":[{"id":26387,"href":"https:\/\/zonalimitrofe-cbnr.com\/index.php\/wp-json\/wp\/v2\/posts\/26385\/revisions\/26387"}],"wp:featuredmedia":[{"embeddable":true,"href":"https:\/\/zonalimitrofe-cbnr.com\/index.php\/wp-json\/wp\/v2\/media\/26386"}],"wp:attachment":[{"href":"https:\/\/zonalimitrofe-cbnr.com\/index.php\/wp-json\/wp\/v2\/media?parent=26385"}],"wp:term":[{"taxonomy":"category","embeddable":true,"href":"https:\/\/zonalimitrofe-cbnr.com\/index.php\/wp-json\/wp\/v2\/categories?post=26385"},{"taxonomy":"post_tag","embeddable":true,"href":"https:\/\/zonalimitrofe-cbnr.com\/index.php\/wp-json\/wp\/v2\/tags?post=26385"}],"curies":[{"name":"wp","href":"https:\/\/api.w.org\/{rel}","templated":true}]}}