{"id":26373,"date":"2025-10-22T21:22:56","date_gmt":"2025-10-23T03:22:56","guid":{"rendered":"https:\/\/zonalimitrofe-cbnr.com\/?p=26373"},"modified":"2025-10-22T21:22:56","modified_gmt":"2025-10-23T03:22:56","slug":"lerdo-imparte-platica-de-salud-a-voluntariado-del-72-batallon-de-infanteria-en-el-mes-rosa","status":"publish","type":"post","link":"https:\/\/zonalimitrofe-cbnr.com\/index.php\/2025\/10\/22\/lerdo-imparte-platica-de-salud-a-voluntariado-del-72-batallon-de-infanteria-en-el-mes-rosa\/","title":{"rendered":"#LERDO IMPARTE PL\u00c1TICA DE SALUD A VOLUNTARIADO DEL 72 BATALL\u00d3N DE INFANTER\u00cdA EN EL MES ROSA*"},"content":{"rendered":"\n<p>Lerdo, 22 de octubre 2025.- Siguiendo las instrucciones de la Presidenta Municipal Susy Carolina Torrecillas Salazar, la Direcci\u00f3n de Salud Municipal imparti\u00f3 una pl\u00e1tica informativa y preventiva en el marco del D\u00eda Internacional de la Lucha contra el C\u00e1ncer de Mama, dirigida a las damas del Voluntariado del 72\/o Batall\u00f3n de Infanter\u00eda, con el objetivo de fomentar la detecci\u00f3n temprana y promover la concientizaci\u00f3n sobre la importancia del diagn\u00f3stico oportuno de esta enfermedad.<\/p>\n\n\n\n<p>La actividad se llev\u00f3 a cabo en las instalaciones del Voluntariado del Batall\u00f3n, con la participaci\u00f3n de la Dra. Salma Morales y la Enfermera Danna Morales, quienes abordaron los temas de autoexploraci\u00f3n mamaria y la importancia de la mastograf\u00eda como herramientas fundamentales para la detecci\u00f3n oportuna del c\u00e1ncer de mama.<\/p>\n\n\n\n<p>Durante la charla, las ponentes destacaron la relevancia de la prevenci\u00f3n y el autocuidado, alentando a las asistentes a realizar revisiones peri\u00f3dicas y a no postergar la atenci\u00f3n m\u00e9dica. El encuentro permiti\u00f3 adem\u00e1s fortalecer el di\u00e1logo, la empat\u00eda y la sororidad entre las mujeres asistentes.<\/p>\n\n\n\n<p>Esta actividad se realiz\u00f3 en atenci\u00f3n a la solicitud del 72\/o Batall\u00f3n de Infanter\u00eda, encabezado por el Coronel de Infanter\u00eda E.M. Fernando Rosas Clemente, quien reiter\u00f3 su compromiso con la comunidad de la Comarca Lagunera y su disposici\u00f3n para colaborar en acciones que promuevan el bienestar social.<\/p>\n\n\n\n<p>Con estas acciones, el Gobierno Municipal de Lerdo, reafirma su compromiso con la salud preventiva, el bienestar integral de las mujeres y la promoci\u00f3n de una cultura de detecci\u00f3n temprana del c\u00e1ncer de mama, recordando que la informaci\u00f3n y la prevenci\u00f3n son las mejores herramientas para salvar vidas.<\/p>\n","protected":false},"excerpt":{"rendered":"<p>Lerdo, 22 de octubre 2025.- Siguiendo las instrucciones de la Presidenta Municipal Susy Carolina Torrecillas Salazar, la Direcci\u00f3n de Salud Municipal imparti\u00f3 una pl\u00e1tica informativa y preventiva en el marco del D\u00eda Internacional de la Lucha contra el C\u00e1ncer de Mama, dirigida a las damas del Voluntariado del 72\/o Batall\u00f3n de Infanter\u00eda, con el objetivo [&hellip;]<\/p>\n","protected":false},"author":1,"featured_media":26374,"comment_status":"open","ping_status":"open","sticky":false,"template":"","format":"standard","meta":{"_monsterinsights_skip_tracking":false,"_monsterinsights_sitenote_active":false,"_monsterinsights_sitenote_note":"","_monsterinsights_sitenote_category":0,"footnotes":""},"categories":[1],"tags":[],"_links":{"self":[{"href":"https:\/\/zonalimitrofe-cbnr.com\/index.php\/wp-json\/wp\/v2\/posts\/26373"}],"collection":[{"href":"https:\/\/zonalimitrofe-cbnr.com\/index.php\/wp-json\/wp\/v2\/posts"}],"about":[{"href":"https:\/\/zonalimitrofe-cbnr.com\/index.php\/wp-json\/wp\/v2\/types\/post"}],"author":[{"embeddable":true,"href":"https:\/\/zonalimitrofe-cbnr.com\/index.php\/wp-json\/wp\/v2\/users\/1"}],"replies":[{"embeddable":true,"href":"https:\/\/zonalimitrofe-cbnr.com\/index.php\/wp-json\/wp\/v2\/comments?post=26373"}],"version-history":[{"count":1,"href":"https:\/\/zonalimitrofe-cbnr.com\/index.php\/wp-json\/wp\/v2\/posts\/26373\/revisions"}],"predecessor-version":[{"id":26375,"href":"https:\/\/zonalimitrofe-cbnr.com\/index.php\/wp-json\/wp\/v2\/posts\/26373\/revisions\/26375"}],"wp:featuredmedia":[{"embeddable":true,"href":"https:\/\/zonalimitrofe-cbnr.com\/index.php\/wp-json\/wp\/v2\/media\/26374"}],"wp:attachment":[{"href":"https:\/\/zonalimitrofe-cbnr.com\/index.php\/wp-json\/wp\/v2\/media?parent=26373"}],"wp:term":[{"taxonomy":"category","embeddable":true,"href":"https:\/\/zonalimitrofe-cbnr.com\/index.php\/wp-json\/wp\/v2\/categories?post=26373"},{"taxonomy":"post_tag","embeddable":true,"href":"https:\/\/zonalimitrofe-cbnr.com\/index.php\/wp-json\/wp\/v2\/tags?post=26373"}],"curies":[{"name":"wp","href":"https:\/\/api.w.org\/{rel}","templated":true}]}}