{"id":26370,"date":"2025-10-22T21:16:06","date_gmt":"2025-10-23T03:16:06","guid":{"rendered":"https:\/\/zonalimitrofe-cbnr.com\/?p=26370"},"modified":"2025-10-22T21:16:06","modified_gmt":"2025-10-23T03:16:06","slug":"torreon-fortalecen-estrategias-de-seguridad-y-de-cero-tolerancia-para-reducir-accidentes-viales","status":"publish","type":"post","link":"https:\/\/zonalimitrofe-cbnr.com\/index.php\/2025\/10\/22\/torreon-fortalecen-estrategias-de-seguridad-y-de-cero-tolerancia-para-reducir-accidentes-viales\/","title":{"rendered":"#Torre\u00f3n. Fortalecen estrategias de seguridad y de \u201cCero Tolerancia\u201d para reducir accidentes viales"},"content":{"rendered":"\n<p><strong>Torre\u00f3n, Coahuila. A 22 de octubre de 2025.-<\/strong> Durante la trig\u00e9sima novena reuni\u00f3n semanal de seguridad encabezada por el alcalde Rom\u00e1n Alberto Cepeda Gonz\u00e1lez, se reafirm\u00f3 la coordinaci\u00f3n entre los diferentes \u00f3rdenes de Gobierno para mantener la paz social que ha prevalecido en Torre\u00f3n y Coahuila. Adem\u00e1s, se revisaron las acciones emprendidas en la estrategia de \u201cCero Tolerancia\u201d encaminada a la disminuci\u00f3n de hechos viales. El Presidente Municipal reconoci\u00f3 el trabajo conjunto que se realiza con las corporaciones estatales y federales, Ej\u00e9rcito Mexicano y el Mando Especial, lo que ha permitido mantener a Torre\u00f3n entre las ciudades m\u00e1s seguras del pa\u00eds, as\u00ed como a Coahuila en los primeros lugares, mediante el modelo estatal implementado por el gobernador Manolo Jim\u00e9nez Salinas. En ese sentido, Cepeda Gonz\u00e1lez reiter\u00f3 su compromiso de mantener la coordinaci\u00f3n y seguir fortaleciendo las estrategias que garanticen el orden, la prevenci\u00f3n del delito y la seguridad de todos los torreonenses. Adem\u00e1s, mencion\u00f3 que se reforzar\u00e1 el programa \u201cCero Tolerancia\u201d con el prop\u00f3sito de prevenir y reducir accidentes de tr\u00e1nsito, as\u00ed como el promover una cultura de concientizaci\u00f3n y responsabilidad vial entre los conductores. Resalt\u00f3 que el operativo no tiene un fin recaudatorio, sino preventivo. \u201cSe trata de reforzar la seguridad de los ciudadanos y evitar que una conducta irresponsable pueda derivar en un incidente lamentable\u201d. Referente al \u00edndice semanal de incidencia delictiva, el comisario Alfredo Flores Originales, director de la Polic\u00eda de Torre\u00f3n, inform\u00f3 que del 13 al 19 de octubre, disminuy\u00f3 el robo a veh\u00edculo con violencia, a cero eventos; adem\u00e1s el robo a accesorios de veh\u00edculo a un evento, robo a transporte p\u00fablico individual, con cero eventos; y el robo a persona con violencia, a cero eventos. La Polic\u00eda Municipal efectu\u00f3 104 detenciones que fueron remitidas al Ministerio P\u00fablico y 102 al Juez Calificador. El Grupo de Reacci\u00f3n Torre\u00f3n realiz\u00f3 16 detenciones relacionadas con la posesi\u00f3n de narc\u00f3ticos. Flores Originales destac\u00f3 el decomiso por parte del binomio canino K9, de 11 kilogramos de marihuana y 15 vapes, en diversas empresas de paqueter\u00eda ubicadas en las colonias Centro y Villa California. Martha Esther Rodr\u00edguez Romero, directora del Centro de Justicia Municipal (CJM), dio a conocer las acciones encaminadas a orientar a la ciudadan\u00eda sobre el funcionamiento del \u00e1rea de Medicaci\u00f3n para la resoluci\u00f3n pac\u00edfica de conflicto entre vecinos.<\/p>\n\n\n\n<p>Adem\u00e1s, destac\u00f3 que esta semana dio inicio la convocatoria para estudiar la preparatoria, dirigida a personas detenidas y ciudadan\u00eda en general, impulsando la educaci\u00f3n como una herramienta para transformar vidas.<\/p>\n\n\n\n<p>Martha Alicia Faz D\u00e1vila, directora de Tr\u00e1nsito y Vialidad, destac\u00f3 que los agentes acudieron al CECyTEC, ubicado en el ejido la Concha, donde se imparti\u00f3 una sesi\u00f3n informativa sobre el programa Vialidad Escolar Segura.<\/p>\n\n\n\n<p>En este sentido, inform\u00f3 que en la sesi\u00f3n se form\u00f3 el comit\u00e9 de apoyo con la participaci\u00f3n de padres de familia y docentes, beneficiando a mil 212 alumnos de secundaria y bachillerato.<\/p>\n\n\n\n<p>Por su parte, Luis Alberto Morales Cort\u00e9s, director general de Vialidad y Movilidad Urbana, inform\u00f3 que se llevar\u00e1 a cabo la tradicional &#8220;Bici-escuelita edici\u00f3n Halloween&#8221; el pr\u00f3ximo 31 de octubre en la explanada de la Plaza Mayor, en la cual se entregar\u00e1 como premio dos bicicletas a los mejores disfraces, con la finalidad de seguir fomentando entre los m\u00e1s peque\u00f1os el uso de este tipo de veh\u00edculos.<\/p>\n\n\n\n<p>Asimismo, indic\u00f3 que dio inicio la segunda generaci\u00f3n de &#8220;Mi primera licencia\u201d en coordinaci\u00f3n con la Direcci\u00f3n de Tr\u00e1nsito y Vialidad y la Universidad Aut\u00f3noma de Coahuila (UAdeC), a trav\u00e9s de un programa que marca un paso fundamental y necesario para formar a futuros conductores con m\u00e1s empat\u00eda y conciencia sobre la responsabilidad que se deben asumir al volante.<\/p>\n\n\n\n<p>Jorge Luis Ju\u00e1rez Llanas, director de Protecci\u00f3n Civil y Bomberos, dijo que esta semana se atendieron 142 servicios por parte de las diferentes estaciones de la corporaci\u00f3n. Indic\u00f3 que disminuyeron los incendios a casa habitaci\u00f3n, las fugas a gas natural, y gas LP.<\/p>\n\n\n\n<p>Asimismo, inform\u00f3 que participaron en el \u201cSexto congreso de seguridad industrial\u201d de la C\u00e1mara Nacional de la Industria de Transformaci\u00f3n (CANACINTRA).<\/p>\n\n\n\n<p>Por parte de Inspecci\u00f3n y Verificaci\u00f3n, el director Pablo Fern\u00e1ndez Llamas, se\u00f1al\u00f3 que los principales reportes que recibi\u00f3 la dependencia mediante el sistema 073, fueron por obstrucci\u00f3n en la v\u00eda p\u00fablica, con 10; y veh\u00edculos chatarra, con 08.<\/p>\n","protected":false},"excerpt":{"rendered":"<p>Torre\u00f3n, Coahuila. A 22 de octubre de 2025.- Durante la trig\u00e9sima novena reuni\u00f3n semanal de seguridad encabezada por el alcalde Rom\u00e1n Alberto Cepeda Gonz\u00e1lez, se reafirm\u00f3 la coordinaci\u00f3n entre los diferentes \u00f3rdenes de Gobierno para mantener la paz social que ha prevalecido en Torre\u00f3n y Coahuila. Adem\u00e1s, se revisaron las acciones emprendidas en la estrategia [&hellip;]<\/p>\n","protected":false},"author":1,"featured_media":26371,"comment_status":"open","ping_status":"open","sticky":false,"template":"","format":"standard","meta":{"_monsterinsights_skip_tracking":false,"_monsterinsights_sitenote_active":false,"_monsterinsights_sitenote_note":"","_monsterinsights_sitenote_category":0,"footnotes":""},"categories":[1],"tags":[],"_links":{"self":[{"href":"https:\/\/zonalimitrofe-cbnr.com\/index.php\/wp-json\/wp\/v2\/posts\/26370"}],"collection":[{"href":"https:\/\/zonalimitrofe-cbnr.com\/index.php\/wp-json\/wp\/v2\/posts"}],"about":[{"href":"https:\/\/zonalimitrofe-cbnr.com\/index.php\/wp-json\/wp\/v2\/types\/post"}],"author":[{"embeddable":true,"href":"https:\/\/zonalimitrofe-cbnr.com\/index.php\/wp-json\/wp\/v2\/users\/1"}],"replies":[{"embeddable":true,"href":"https:\/\/zonalimitrofe-cbnr.com\/index.php\/wp-json\/wp\/v2\/comments?post=26370"}],"version-history":[{"count":1,"href":"https:\/\/zonalimitrofe-cbnr.com\/index.php\/wp-json\/wp\/v2\/posts\/26370\/revisions"}],"predecessor-version":[{"id":26372,"href":"https:\/\/zonalimitrofe-cbnr.com\/index.php\/wp-json\/wp\/v2\/posts\/26370\/revisions\/26372"}],"wp:featuredmedia":[{"embeddable":true,"href":"https:\/\/zonalimitrofe-cbnr.com\/index.php\/wp-json\/wp\/v2\/media\/26371"}],"wp:attachment":[{"href":"https:\/\/zonalimitrofe-cbnr.com\/index.php\/wp-json\/wp\/v2\/media?parent=26370"}],"wp:term":[{"taxonomy":"category","embeddable":true,"href":"https:\/\/zonalimitrofe-cbnr.com\/index.php\/wp-json\/wp\/v2\/categories?post=26370"},{"taxonomy":"post_tag","embeddable":true,"href":"https:\/\/zonalimitrofe-cbnr.com\/index.php\/wp-json\/wp\/v2\/tags?post=26370"}],"curies":[{"name":"wp","href":"https:\/\/api.w.org\/{rel}","templated":true}]}}