{"id":2637,"date":"2024-03-07T19:09:55","date_gmt":"2024-03-08T01:09:55","guid":{"rendered":"https:\/\/zonalimitrofe-cbnr.com\/?p=2637"},"modified":"2024-03-07T19:09:55","modified_gmt":"2024-03-08T01:09:55","slug":"durango-recomendaciones-para-observar-de-la-mejor-manera-el-eclipse-solar-total","status":"publish","type":"post","link":"https:\/\/zonalimitrofe-cbnr.com\/index.php\/2024\/03\/07\/durango-recomendaciones-para-observar-de-la-mejor-manera-el-eclipse-solar-total\/","title":{"rendered":"#Durango. Recomendaciones para observar de la mejor manera el eclipse solar total"},"content":{"rendered":"\n<p><\/p>\n\n\n\n<ul>\n<li>El 08 de abril del 2024, se presentar\u00e1 un Eclipse Solar Total, y en Durango, se obscurecer\u00e1 en 22 municipios.<\/li>\n\n\n\n<li>En Durango, la \u00faltima vez que ocurri\u00f3 este fen\u00f3meno fue el 10 de septiembre de 1923 en Yerbanis, Pe\u00f1\u00f3n Blanco y en Cuencam\u00e9.<\/li>\n\n\n\n<li>Este hecho podr\u00e1 ser atestiguado a lo largo del estado de Durango, pasando sobre Pueblo Nuevo, Canatl\u00e1n, San Juan del Rio, Nazas, Rodeo y Mapim\u00ed principalmente.<\/li>\n<\/ul>\n\n\n\n<p><em>Participantes:<\/em><\/p>\n\n\n\n<ul>\n<li><em>Jos\u00e9 Betancourt Hern\u00e1ndez<\/em>\/ Director del COCyTED<\/li>\n<\/ul>\n\n\n\n<p>Desde el gobierno que encabeza Esteban Villegas, este evento natural se recibir\u00e1 de manera extraordinaria para que todos los duranguenses y visitantes lo puedan observar de manera segura sin mitos y que tengan la mayor comunicaci\u00f3n e informaci\u00f3n posible para que se cumpla esta fiesta.<\/p>\n\n\n\n<p>\u201cLo que se va a vivir este 2024, no se vivir\u00e1 en 100 a\u00f1os, este evento viene a nuestra casa, se podr\u00e1 disfrutar desde la azotea, el patio, los parques de esta ciudad, se va a hacer de noche pero en el proceso transcurren casi 3 horas\u201d, dijo el Director.<\/p>\n\n\n\n<p>Durango es privilegiado, ser\u00e1n 22 municipios en donde por poco m\u00e1s de 4 minutos se va a hacer de noche, en los 39 municipios se va a apreciar con menor tiempo de obscuridad.<\/p>\n\n\n\n<p>Se tiene el apoyo de tres grupos: Grupo de Astr\u00f3nomos de G\u00f3mez Palacio, Cazadores de Estrellas y Astron\u00f3mico BACAB, que han llevado informaci\u00f3n a<br>cerca de 60 mil duranguenses y que con el apoyo de los medios de comunicaci\u00f3n, se llegar\u00e1 a m\u00e1s de 300 mil personas.<\/p>\n\n\n\n<p><em>Ernesto Cobos Gonz\u00e1lez<\/em>\/ representante del Grupo Astron\u00f3mico BACAB<\/p>\n\n\n\n<ul>\n<li>El fen\u00f3meno del Eclipse Solar Total, entrar\u00e1 por Sinaloa y en Durango va a impactar con 2 mil 500 kil\u00f3metros por hora.<\/li>\n\n\n\n<li>Nazas es el punto central, donde en l\u00ednea recta se presentan el Sol, la Luna y la tierra.<\/li>\n\n\n\n<li>El Eclipse se divide en tres partes: fase parcial, el inicio y el Eclipse Total<br>\u2060<\/li>\n\n\n\n<li>\u201cEn el inicio se requiere protecci\u00f3n y en el final tambi\u00e9n; en la fase total es a ojo normal, pero hay que tener mucho cuidado en la cuesti\u00f3n del tiempo\u201d, apunt\u00f3.<\/li>\n\n\n\n<li>El experto en este tipo de fen\u00f3menos consider\u00f3 importante que para observar de manera segura este evento ser\u00e1 necesario<\/li>\n\n\n\n<li>Usar lentes especiales con Normas ISO 12312-2-2015 (E) para filtros para la observaci\u00f3n directa al sol.<\/li>\n\n\n\n<li>Cuidar que los lentes especiales no se rayen y protegerlos para que puedan cuidar la vista al momento de observar el fen\u00f3meno.<\/li>\n\n\n\n<li>Lentes de Soldador con filtros welder de No. 10,12,13 y 14 (para su observaci\u00f3n visual el 13 y 14, ya que se supera la protecci\u00f3n que da los filtros)<\/li>\n\n\n\n<li>No intentar ver el Eclipse Solar sin protecci\u00f3n en los ojos, pues resultar\u00e1 un da\u00f1o irreparable.<\/li>\n\n\n\n<li>Cubrirse el sol con prendas delgadas y de manga larga<\/li>\n\n\n\n<li>El exponer la vista al sol puede ocasionar quemaduras<\/li>\n\n\n\n<li>No hacer retos que aparezcan en redes sociales, ya que puede poner en riesgo a las personas<\/li>\n<\/ul>\n\n\n\n<p><em>Los m\u00e9todos indirectos:<\/em><\/p>\n\n\n\n<p>Debe de ser un espejo de superficie primaria, esos no los venden en las vidrieras.<\/p>\n\n\n\n<p>Las cajas oscuras son buenas como bricolaje para ni\u00f1os, para que se entretengan, pero la imagen que les da no supera los 3 a 4 mil\u00edmetros y no tiene buena vista del eclipse.<\/p>\n\n\n\n<p>ASISTENTES:<\/p>\n\n\n\n<ul>\n<li>Jos\u00e9 Betancourt Hern\u00e1ndez.- Director del COCyTED<\/li>\n\n\n\n<li>Ernesto Cobos Gonz\u00e1lez.- Grupo BACAB de la Laguna.<\/li>\n\n\n\n<li>Francisco Zald\u00edvar Orona.- Jefe del Departamento de Formaci\u00f3n de Capital Humano del COCyTED.<\/li>\n\n\n\n<li>Olivia Fern\u00e1ndez God\u00ednez. Sub secretaria de Turismo<\/li>\n\n\n\n<li>Alfredo Andrade. Director del Museo Interactivo \u201cBebeleche<\/li>\n<\/ul>\n","protected":false},"excerpt":{"rendered":"<p>Participantes: Desde el gobierno que encabeza Esteban Villegas, este evento natural se recibir\u00e1 de manera extraordinaria para que todos los duranguenses y visitantes lo puedan observar de manera segura sin mitos y que tengan la mayor comunicaci\u00f3n e informaci\u00f3n posible para que se cumpla esta fiesta. \u201cLo que se va a vivir este 2024, no [&hellip;]<\/p>\n","protected":false},"author":1,"featured_media":2638,"comment_status":"open","ping_status":"open","sticky":false,"template":"","format":"standard","meta":{"_monsterinsights_skip_tracking":false,"_monsterinsights_sitenote_active":false,"_monsterinsights_sitenote_note":"","_monsterinsights_sitenote_category":0,"footnotes":""},"categories":[1],"tags":[],"_links":{"self":[{"href":"https:\/\/zonalimitrofe-cbnr.com\/index.php\/wp-json\/wp\/v2\/posts\/2637"}],"collection":[{"href":"https:\/\/zonalimitrofe-cbnr.com\/index.php\/wp-json\/wp\/v2\/posts"}],"about":[{"href":"https:\/\/zonalimitrofe-cbnr.com\/index.php\/wp-json\/wp\/v2\/types\/post"}],"author":[{"embeddable":true,"href":"https:\/\/zonalimitrofe-cbnr.com\/index.php\/wp-json\/wp\/v2\/users\/1"}],"replies":[{"embeddable":true,"href":"https:\/\/zonalimitrofe-cbnr.com\/index.php\/wp-json\/wp\/v2\/comments?post=2637"}],"version-history":[{"count":1,"href":"https:\/\/zonalimitrofe-cbnr.com\/index.php\/wp-json\/wp\/v2\/posts\/2637\/revisions"}],"predecessor-version":[{"id":2639,"href":"https:\/\/zonalimitrofe-cbnr.com\/index.php\/wp-json\/wp\/v2\/posts\/2637\/revisions\/2639"}],"wp:featuredmedia":[{"embeddable":true,"href":"https:\/\/zonalimitrofe-cbnr.com\/index.php\/wp-json\/wp\/v2\/media\/2638"}],"wp:attachment":[{"href":"https:\/\/zonalimitrofe-cbnr.com\/index.php\/wp-json\/wp\/v2\/media?parent=2637"}],"wp:term":[{"taxonomy":"category","embeddable":true,"href":"https:\/\/zonalimitrofe-cbnr.com\/index.php\/wp-json\/wp\/v2\/categories?post=2637"},{"taxonomy":"post_tag","embeddable":true,"href":"https:\/\/zonalimitrofe-cbnr.com\/index.php\/wp-json\/wp\/v2\/tags?post=2637"}],"curies":[{"name":"wp","href":"https:\/\/api.w.org\/{rel}","templated":true}]}}