{"id":26367,"date":"2025-10-21T22:20:39","date_gmt":"2025-10-22T04:20:39","guid":{"rendered":"https:\/\/zonalimitrofe-cbnr.com\/?p=26367"},"modified":"2025-10-21T22:20:39","modified_gmt":"2025-10-22T04:20:39","slug":"coahuila-gobierno-de-coahuila-presenta-la-exposicion-de-charreria-la-revolucion-a-los-lienzos-identidad-cultura-y-nacion","status":"publish","type":"post","link":"https:\/\/zonalimitrofe-cbnr.com\/index.php\/2025\/10\/21\/coahuila-gobierno-de-coahuila-presenta-la-exposicion-de-charreria-la-revolucion-a-los-lienzos-identidad-cultura-y-nacion\/","title":{"rendered":"#Coahuila. GOBIERNO DE COAHUILA PRESENTA LA EXPOSICI\u00d3N DE CHARRER\u00cdA \u201cLA REVOLUCI\u00d3N A LOS LIENZOS, IDENTIDAD, CULTURA Y NACI\u00d3N\u201d"},"content":{"rendered":"\n<p>\u2022&nbsp;&nbsp;&nbsp;&nbsp;&nbsp;&nbsp;&nbsp;&nbsp;&nbsp;&nbsp;&nbsp;&nbsp;&nbsp;&nbsp;&nbsp;<em>Un viaje a trav\u00e9s del tiempo, la memoria y el orgullo mexicano<\/em><\/p>\n\n\n\n<p>Saltillo, Coahuila de Zaragoza; octubre de 2025.\u2013 El Gobierno del Estado de Coahuila y la Uni\u00f3n de Asociaciones de Charros del Estado&nbsp;&nbsp;presentaron la exposici\u00f3n \u201cDe la Revoluci\u00f3n a los Lienzos, Identidad, Cultura y Naci\u00f3n\u201d, misma que representa una celebraci\u00f3n al patrimonio cultural de M\u00e9xico y a una de las tradiciones m\u00e1s emblem\u00e1ticas del pa\u00eds.&nbsp;&nbsp;<\/p>\n\n\n\n<p>La exposici\u00f3n ser\u00e1 inaugurada este 23 de octubre a las 19:00 horas en el Museo de la Revoluci\u00f3n de Saltillo, en el marco de su XV aniversario, y cuenta con la colaboraci\u00f3n de la comunidad educativa de la Universidad Carolina.&nbsp;<\/p>\n\n\n\n<p>En rueda de prensa se dieron a conocer los pormenores de esta magn\u00edfica muestra de la presencia de los charros en la historia de M\u00e9xico, invit\u00e1ndose al p\u00fablico a visitarla y realizar un recorrido por la historia, el arte y la identidad que dan vida a la naci\u00f3n mexicana.<\/p>\n\n\n\n<p>El proyecto tiene como prop\u00f3sito difundir el valor hist\u00f3rico, art\u00edstico y simb\u00f3lico de la charrer\u00eda, entendida no s\u00f3lo como un deporte nacional, sino como una manifestaci\u00f3n cultural que ha acompa\u00f1ado el desarrollo de M\u00e9xico a lo largo del tiempo. A trav\u00e9s de una museograf\u00eda inmersiva, escenograf\u00eda, vestuarios, m\u00fasica y recursos audiovisuales, el visitante es guiado por un recorrido que une pasado y presente, resaltando la fuerza de una tradici\u00f3n que sigue viva en el coraz\u00f3n del pueblo.<\/p>\n\n\n\n<p>La idea conceptual y curatorial de esta exposici\u00f3n fue desarrollada por el maestro Armando Valdivieso, reconocido gestor, investigador y promotor cultural, cuya trayectoria se distingue por su compromiso con la preservaci\u00f3n del arte popular mexicano. Su propuesta plantea a la charrer\u00eda como un lenguaje art\u00edstico y social que refleja los valores, s\u00edmbolos y la memoria colectiva de nuestro pa\u00eds.&nbsp;<\/p>\n\n\n\n<p>Adem\u00e1s, su enfoque formativo integra la participaci\u00f3n activa de j\u00f3venes universitarios, quienes colaboran en el dise\u00f1o museogr\u00e1fico, la curadur\u00eda, la ambientaci\u00f3n y las visitas guiadas, fomentando as\u00ed la valoraci\u00f3n del patrimonio cultural entre las nuevas generaciones.<\/p>\n\n\n\n<p>\u201cEl arte popular, la tradici\u00f3n y la charrer\u00eda son el alma viva de M\u00e9xico; al compartirlos con las nuevas generaciones, preservamos nuestra herencia y sembramos futuro\u201d, afirma el maestro Valdivieso, quien coordin\u00f3 este proyecto con una visi\u00f3n educativa e inclusiva.<\/p>\n\n\n\n<p>El recorrido museogr\u00e1fico est\u00e1 conformado por seis salas tem\u00e1ticas que invitan al visitante a viajar por los momentos m\u00e1s significativos de la historia nacional. Desde los ideales de la Revoluci\u00f3n y la transformaci\u00f3n del campesino en charro moderno, hasta la consolidaci\u00f3n del nacionalismo cultural y la representaci\u00f3n del charro en el cine mexicano, cada sala construye un relato visual y emocional de la identidad mexicana. La exposici\u00f3n culmina con una mirada a la charrer\u00eda contempor\u00e1nea, declarada Patrimonio Cultural Inmaterial de la Humanidad por la UNESCO, donde se exalta su vigencia como s\u00edmbolo de disciplina, respeto, familia y amor por la tierra.<\/p>\n\n\n\n<p>Entre los espacios m\u00e1s destacados se encuentra \u201cEl Tren de la Revoluci\u00f3n: viaje a la memoria y la identidad\u201d, donde el visitante inicia su recorrido en una estaci\u00f3n simb\u00f3lica que representa el movimiento y la esperanza del M\u00e9xico revolucionario; as\u00ed como \u201cLa \u00c9poca de Oro del Cine Mexicano: El Charro, la China y la Ranchera\u201d, en la que se revive la \u00e9poca en que el arte y la pantalla grande difundieron la imagen del M\u00e9xico orgulloso y rom\u00e1ntico que conquist\u00f3 al mundo.<\/p>\n","protected":false},"excerpt":{"rendered":"<p>\u2022&nbsp;&nbsp;&nbsp;&nbsp;&nbsp;&nbsp;&nbsp;&nbsp;&nbsp;&nbsp;&nbsp;&nbsp;&nbsp;&nbsp;&nbsp;Un viaje a trav\u00e9s del tiempo, la memoria y el orgullo mexicano Saltillo, Coahuila de Zaragoza; octubre de 2025.\u2013 El Gobierno del Estado de Coahuila y la Uni\u00f3n de Asociaciones de Charros del Estado&nbsp;&nbsp;presentaron la exposici\u00f3n \u201cDe la Revoluci\u00f3n a los Lienzos, Identidad, Cultura y Naci\u00f3n\u201d, misma que representa una celebraci\u00f3n al patrimonio cultural de [&hellip;]<\/p>\n","protected":false},"author":1,"featured_media":26368,"comment_status":"open","ping_status":"open","sticky":false,"template":"","format":"standard","meta":{"_monsterinsights_skip_tracking":false,"_monsterinsights_sitenote_active":false,"_monsterinsights_sitenote_note":"","_monsterinsights_sitenote_category":0,"footnotes":""},"categories":[1],"tags":[],"_links":{"self":[{"href":"https:\/\/zonalimitrofe-cbnr.com\/index.php\/wp-json\/wp\/v2\/posts\/26367"}],"collection":[{"href":"https:\/\/zonalimitrofe-cbnr.com\/index.php\/wp-json\/wp\/v2\/posts"}],"about":[{"href":"https:\/\/zonalimitrofe-cbnr.com\/index.php\/wp-json\/wp\/v2\/types\/post"}],"author":[{"embeddable":true,"href":"https:\/\/zonalimitrofe-cbnr.com\/index.php\/wp-json\/wp\/v2\/users\/1"}],"replies":[{"embeddable":true,"href":"https:\/\/zonalimitrofe-cbnr.com\/index.php\/wp-json\/wp\/v2\/comments?post=26367"}],"version-history":[{"count":1,"href":"https:\/\/zonalimitrofe-cbnr.com\/index.php\/wp-json\/wp\/v2\/posts\/26367\/revisions"}],"predecessor-version":[{"id":26369,"href":"https:\/\/zonalimitrofe-cbnr.com\/index.php\/wp-json\/wp\/v2\/posts\/26367\/revisions\/26369"}],"wp:featuredmedia":[{"embeddable":true,"href":"https:\/\/zonalimitrofe-cbnr.com\/index.php\/wp-json\/wp\/v2\/media\/26368"}],"wp:attachment":[{"href":"https:\/\/zonalimitrofe-cbnr.com\/index.php\/wp-json\/wp\/v2\/media?parent=26367"}],"wp:term":[{"taxonomy":"category","embeddable":true,"href":"https:\/\/zonalimitrofe-cbnr.com\/index.php\/wp-json\/wp\/v2\/categories?post=26367"},{"taxonomy":"post_tag","embeddable":true,"href":"https:\/\/zonalimitrofe-cbnr.com\/index.php\/wp-json\/wp\/v2\/tags?post=26367"}],"curies":[{"name":"wp","href":"https:\/\/api.w.org\/{rel}","templated":true}]}}