{"id":26361,"date":"2025-10-21T22:09:24","date_gmt":"2025-10-22T04:09:24","guid":{"rendered":"https:\/\/zonalimitrofe-cbnr.com\/?p=26361"},"modified":"2025-10-21T22:09:24","modified_gmt":"2025-10-22T04:09:24","slug":"durango-el-festival-cultural-revueltas-2025-devuelve-a-durango-su-espiritu-festivo","status":"publish","type":"post","link":"https:\/\/zonalimitrofe-cbnr.com\/index.php\/2025\/10\/21\/durango-el-festival-cultural-revueltas-2025-devuelve-a-durango-su-espiritu-festivo\/","title":{"rendered":"#Durango. El Festival Cultural Revueltas 2025 devuelve a Durango su esp\u00edritu festivo*"},"content":{"rendered":"\n<p>* _Familias disfrutaron una noche llena de m\u00fasica y nostalgia con el concierto de Jos\u00e9 Luis Rodr\u00edguez \u201cEl Puma\u201d._<\/p>\n\n\n\n<p>* _La semana cultural incluir\u00e1 presentaciones de Grupo Yndio, Inspector, Itat\u00ed Cantoral y Benny Ibarra._<\/p>\n\n\n\n<p>Con las emociones a flor de piel, familias enteras se reunieron para celebrar el arranque del Festival Cultural Revueltas 2025, una noche que devolvi\u00f3 a Durango su esp\u00edritu festivo. La Plaza IV Centenario se llen\u00f3 de m\u00fasica, luces y aplausos con el concierto de Jos\u00e9 Luis Rodr\u00edguez \u201cEl Puma\u201d, marcando el inicio de una semana dedicada al arte, la cultura y la convivencia.<\/p>\n\n\n\n<p>\u201cPerfect\u00edsimo, muy bonito porque Jos\u00e9 Luis Rodr\u00edguez \u2018El Puma\u2019 es un \u00edcono de los cantantes que s\u00ed cantan, me siento muy satisfecho y creo que toda la gente agradece al gobernador Esteban Villegas, a su equipo y al elenco tan bonito que traen para todos los gustos\u201d, expres\u00f3 Genaro Ch\u00e1vez, quien destac\u00f3 la diversidad de espect\u00e1culos que atraen tanto a j\u00f3venes como a generaciones mayores.<\/p>\n\n\n\n<p>Desde las primeras notas de \u201cDue\u00f1o de nada\u201d hasta el cierre con \u201cAg\u00e1rrense de las manos\u201d, la noche se llen\u00f3 de energ\u00eda y emoci\u00f3n. Para M\u00f3nica Nery, fue un respiro necesario: \u201cMuy bonito, una noche muy emotiva. Me gusta porque atraen turismo, saca a la gente de la rutina y nos da una noche amena para disfrutar en familia\u201d.<\/p>\n\n\n\n<p>Otros asistentes coincidieron en que el festival refleja un gobierno cercano y comprometido con su gente. \u201cFenomenal, ahora este gobierno ha estado muy presente, pensando en nosotros y d\u00e1ndonos una diversi\u00f3n sana en compa\u00f1\u00eda de toda nuestra familia\u201d, coment\u00f3 Elena del Carmen Vanegas Renter\u00eda, al agradecer que Durango vuelva a brillar con eventos de gran calidad.<\/p>\n\n\n\n<p>\u201cNecesit\u00e1bamos esta felicidad, de verdad, me sent\u00eda como en mis tiempos de juventud\u201d, comparti\u00f3 emocionada Julieta Guti\u00e9rrez, al destacar la calidez y el ambiente del concierto. \u201cGracias, como cada a\u00f1o, porque si me ha tocado venir con los artistas de mi generaci\u00f3n y con los j\u00f3venes; necesitamos estos momentos para sentirnos vivos\u201d.<\/p>\n\n\n\n<p>El Festival Revueltas 2025, impulsado por el Gobierno del Estado que encabeza Esteban Villegas, a trav\u00e9s del Instituto de Cultura del Estado de Durango (ICED), continuar\u00e1 durante la semana con una programaci\u00f3n que incluye el coloquio literario con Jos\u00e9 \u00c1ngel Leyva (22 y 23 de octubre), el concierto de Grupo Yndio (23 de octubre), la presentaci\u00f3n de Inspector e Itat\u00ed Cantoral (24 de octubre), el show de Benny Ibarra (25 de octubre), el concurso Durango Madonnari (25 y 26 de octubre) y el Revolcadero Masivo (26 de octubre), con el que concluir\u00e1 esta gran fiesta cultural que pone al arte de Durango en el centro del pa\u00eds.<\/p>\n","protected":false},"excerpt":{"rendered":"<p>* _Familias disfrutaron una noche llena de m\u00fasica y nostalgia con el concierto de Jos\u00e9 Luis Rodr\u00edguez \u201cEl Puma\u201d._ * _La semana cultural incluir\u00e1 presentaciones de Grupo Yndio, Inspector, Itat\u00ed Cantoral y Benny Ibarra._ Con las emociones a flor de piel, familias enteras se reunieron para celebrar el arranque del Festival Cultural Revueltas 2025, una [&hellip;]<\/p>\n","protected":false},"author":1,"featured_media":26362,"comment_status":"open","ping_status":"open","sticky":false,"template":"","format":"standard","meta":{"_monsterinsights_skip_tracking":false,"_monsterinsights_sitenote_active":false,"_monsterinsights_sitenote_note":"","_monsterinsights_sitenote_category":0,"footnotes":""},"categories":[1],"tags":[],"_links":{"self":[{"href":"https:\/\/zonalimitrofe-cbnr.com\/index.php\/wp-json\/wp\/v2\/posts\/26361"}],"collection":[{"href":"https:\/\/zonalimitrofe-cbnr.com\/index.php\/wp-json\/wp\/v2\/posts"}],"about":[{"href":"https:\/\/zonalimitrofe-cbnr.com\/index.php\/wp-json\/wp\/v2\/types\/post"}],"author":[{"embeddable":true,"href":"https:\/\/zonalimitrofe-cbnr.com\/index.php\/wp-json\/wp\/v2\/users\/1"}],"replies":[{"embeddable":true,"href":"https:\/\/zonalimitrofe-cbnr.com\/index.php\/wp-json\/wp\/v2\/comments?post=26361"}],"version-history":[{"count":1,"href":"https:\/\/zonalimitrofe-cbnr.com\/index.php\/wp-json\/wp\/v2\/posts\/26361\/revisions"}],"predecessor-version":[{"id":26363,"href":"https:\/\/zonalimitrofe-cbnr.com\/index.php\/wp-json\/wp\/v2\/posts\/26361\/revisions\/26363"}],"wp:featuredmedia":[{"embeddable":true,"href":"https:\/\/zonalimitrofe-cbnr.com\/index.php\/wp-json\/wp\/v2\/media\/26362"}],"wp:attachment":[{"href":"https:\/\/zonalimitrofe-cbnr.com\/index.php\/wp-json\/wp\/v2\/media?parent=26361"}],"wp:term":[{"taxonomy":"category","embeddable":true,"href":"https:\/\/zonalimitrofe-cbnr.com\/index.php\/wp-json\/wp\/v2\/categories?post=26361"},{"taxonomy":"post_tag","embeddable":true,"href":"https:\/\/zonalimitrofe-cbnr.com\/index.php\/wp-json\/wp\/v2\/tags?post=26361"}],"curies":[{"name":"wp","href":"https:\/\/api.w.org\/{rel}","templated":true}]}}