{"id":26352,"date":"2025-10-21T21:35:17","date_gmt":"2025-10-22T03:35:17","guid":{"rendered":"https:\/\/zonalimitrofe-cbnr.com\/?p=26352"},"modified":"2025-10-21T21:35:18","modified_gmt":"2025-10-22T03:35:18","slug":"uadec-inaugura-rector-de-la-uadec-el-festival-de-la-aidh","status":"publish","type":"post","link":"https:\/\/zonalimitrofe-cbnr.com\/index.php\/2025\/10\/21\/uadec-inaugura-rector-de-la-uadec-el-festival-de-la-aidh\/","title":{"rendered":"#UAdeC. Inaugura Rector de la UAdeC el Festival de la AIDH"},"content":{"rendered":"\n<p>ARTEAGA, Coahuila. 21 de octubre de 2025. El rector de la Universidad Aut\u00f3noma de Coahuila, Octavio Pimentel Mart\u00ednez, inaugur\u00f3 el Festival de la Academia Interamericana de Derechos Humanos (AIDH), el cual se realiza como parte de los festejos por su d\u00e9cimo aniversario, con actividades acad\u00e9micas, deportivas y culturales.<\/p>\n\n\n\n<p>Lo acompa\u00f1aron la directora de la Academia Interamericana de Derechos Humanos, Irene Spigno, el fundador de la AIDH, Luis Efr\u00e9n R\u00edos Vega, la directora de RUMA Arte y Comunidad, Nict\u00e9 Ru\u00edz, la integrante del Club Feminista de la AIDH, Denisse Covarrubias, alumnos y docentes.<\/p>\n\n\n\n<p>En su mensaje el rector Octavio Pimentel Mart\u00ednez, dijo que, para la Universidad Aut\u00f3noma de Coahuila, la Academia Interamericana de Derechos Humanos es uno de los pilares para la construcci\u00f3n y consolidaci\u00f3n de una sociedad m\u00e1s igualitaria y humanitaria.<\/p>\n\n\n\n<p>Por lo anterior, exhort\u00f3 a las y los universitarios a formar parte del cambio para construir una sociedad y comunidad sensible y con ello dejar atr\u00e1s la cultura de la indiferencia y construir mejores generaciones.<\/p>\n\n\n\n<p>Por su parte, la directora de AIDH, Irene Spigno, destac\u00f3 que es importante celebrar los derechos humanos, por lo que en esta ocasi\u00f3n lo est\u00e1n haciendo a trav\u00e9s de una exposici\u00f3n de arte realizada por RUMA y el Club Feminista, obras a trav\u00e9s de las cuales se transmiten emociones.<\/p>\n\n\n\n<p>Dijo que, en la exposici\u00f3n hay obras que transmiten sufrimiento, pero a su vez esperanza, ya que son parte de un proyecto comunitario de salud mental en el que se trabaj\u00f3 con ni\u00f1os y adolescentes familiares de personas desaparecidas.<\/p>\n\n\n\n<p>Mientras que, la directora de RUMA Arte y Comunidad, Nict\u00e9 Ru\u00edz, celebr\u00f3 que la AIDH lleve a cabo este Festival y agradeci\u00f3 la invitaci\u00f3n que se le hizo para participar y visibilizar a trav\u00e9s del arte los problemas sociales que se viven como el de las personas desaparecidas, la migraci\u00f3n o los feminicidios.<\/p>\n\n\n\n<p>La integrante del Club Feminista de la AIDH, Denisse Covarrubias, expres\u00f3 que a trav\u00e9s del arte se puede llegar a muchas personas, por lo que destac\u00f3 que es un gusto formar parte de esta Primera Muestra de Arte Feminista, la cual fue nombrada \u201cTodas las personas deber\u00edan de ser feministas\u201d.<\/p>\n","protected":false},"excerpt":{"rendered":"<p>ARTEAGA, Coahuila. 21 de octubre de 2025. El rector de la Universidad Aut\u00f3noma de Coahuila, Octavio Pimentel Mart\u00ednez, inaugur\u00f3 el Festival de la Academia Interamericana de Derechos Humanos (AIDH), el cual se realiza como parte de los festejos por su d\u00e9cimo aniversario, con actividades acad\u00e9micas, deportivas y culturales. Lo acompa\u00f1aron la directora de la Academia [&hellip;]<\/p>\n","protected":false},"author":1,"featured_media":26353,"comment_status":"open","ping_status":"open","sticky":false,"template":"","format":"standard","meta":{"_monsterinsights_skip_tracking":false,"_monsterinsights_sitenote_active":false,"_monsterinsights_sitenote_note":"","_monsterinsights_sitenote_category":0,"footnotes":""},"categories":[1],"tags":[],"_links":{"self":[{"href":"https:\/\/zonalimitrofe-cbnr.com\/index.php\/wp-json\/wp\/v2\/posts\/26352"}],"collection":[{"href":"https:\/\/zonalimitrofe-cbnr.com\/index.php\/wp-json\/wp\/v2\/posts"}],"about":[{"href":"https:\/\/zonalimitrofe-cbnr.com\/index.php\/wp-json\/wp\/v2\/types\/post"}],"author":[{"embeddable":true,"href":"https:\/\/zonalimitrofe-cbnr.com\/index.php\/wp-json\/wp\/v2\/users\/1"}],"replies":[{"embeddable":true,"href":"https:\/\/zonalimitrofe-cbnr.com\/index.php\/wp-json\/wp\/v2\/comments?post=26352"}],"version-history":[{"count":1,"href":"https:\/\/zonalimitrofe-cbnr.com\/index.php\/wp-json\/wp\/v2\/posts\/26352\/revisions"}],"predecessor-version":[{"id":26354,"href":"https:\/\/zonalimitrofe-cbnr.com\/index.php\/wp-json\/wp\/v2\/posts\/26352\/revisions\/26354"}],"wp:featuredmedia":[{"embeddable":true,"href":"https:\/\/zonalimitrofe-cbnr.com\/index.php\/wp-json\/wp\/v2\/media\/26353"}],"wp:attachment":[{"href":"https:\/\/zonalimitrofe-cbnr.com\/index.php\/wp-json\/wp\/v2\/media?parent=26352"}],"wp:term":[{"taxonomy":"category","embeddable":true,"href":"https:\/\/zonalimitrofe-cbnr.com\/index.php\/wp-json\/wp\/v2\/categories?post=26352"},{"taxonomy":"post_tag","embeddable":true,"href":"https:\/\/zonalimitrofe-cbnr.com\/index.php\/wp-json\/wp\/v2\/tags?post=26352"}],"curies":[{"name":"wp","href":"https:\/\/api.w.org\/{rel}","templated":true}]}}