{"id":26337,"date":"2025-10-21T19:29:46","date_gmt":"2025-10-22T01:29:46","guid":{"rendered":"https:\/\/zonalimitrofe-cbnr.com\/?p=26337"},"modified":"2025-10-21T19:29:46","modified_gmt":"2025-10-22T01:29:46","slug":"uadec-inauguran-en-la-uadec-el-congreso-internacional-retos-y-perspectivas-de-la-justicia-en-mexico-a-partir-de-la-reforma","status":"publish","type":"post","link":"https:\/\/zonalimitrofe-cbnr.com\/index.php\/2025\/10\/21\/uadec-inauguran-en-la-uadec-el-congreso-internacional-retos-y-perspectivas-de-la-justicia-en-mexico-a-partir-de-la-reforma\/","title":{"rendered":"#UAdeC. Inauguran en la UAdeC el Congreso Internacional: Retos y Perspectivas de la Justicia en M\u00e9xico a partir de la Reforma"},"content":{"rendered":"\n<p>SALTILLO, Coahuila. 21 de octubre de 2025. La Universidad Aut\u00f3noma de Coahuila a trav\u00e9s de la Facultad de Jurisprudencia, inaugur\u00f3 el Congreso Internacional: Retos y Perspectivas de la Justicia en M\u00e9xico a partir de la Reforma, en el cual se abordan los desaf\u00edos y el futuro del sistema de justicia en M\u00e9xico a ra\u00edz de las reformas implementadas.<\/p>\n\n\n\n<p>En el Auditorio \u201cAntonio Guerra y Castellanos\u201d, asistieron el rector de la m\u00e1xima casa de estudios, Octavio Pimentel Mart\u00ednez, la presidente de la Junta de Gobierno del Congreso del Estado de Coahuila, Luz Elena Morales N\u00fa\u00f1ez, la magistrada del Tribunal Superior de Justicia de Coahuila, Griselda Elizalde Castellanos, el director de la Facultad de Jurisprudencia, Alfonso Y\u00e1\u00f1ez Arreola y el presidente de la Federaci\u00f3n Iberoamericana de Abogados, Francisco Morales Olvera.<\/p>\n\n\n\n<p>Adem\u00e1s, el ex senador de las Cortes Generales del Reino de Espa\u00f1a y catedr\u00e1tico em\u00e9rito de Derecho Constitucional de la Universidad de Alicante, Jos\u00e9 Asensei Sabater, la l\u00edder de Cuerpo Acad\u00e9mico de la Facultad de Jurisprudencia, Mar\u00eda del Carmen Galv\u00e1n Tello y el consejero jur\u00eddico del Ejecutivo, Juan Pablo Alvarado Cepeda.<\/p>\n\n\n\n<p>As\u00ed como, el jefe de Gobierno y Proyectos Estrat\u00e9gicos de Saltillo, Cesar Iv\u00e1n Moreno Aguirre, el ex presidente de la Corte Interamericana de Derechos Humanos Universidad de Brasilia, Brasil, Roberto De Figueiredo Caldas y los docentes de la Facultad de Jurisprudencia, Juan Carlos Centeno Maldonado, Jos\u00e9 Luis Leal Espinoza, Gerardo Garza Vald\u00e9s, V\u00edctor Manuel S\u00e1nchez Vald\u00e9s e Iv\u00e1n Garza Garc\u00eda.<\/p>\n\n\n\n<p>En su mensaje el rector Octavio Pimentel Mart\u00ednez, enfatiz\u00f3 en que reflexionar y participar con apertura y con sentido cr\u00edtico es fundamental en la formaci\u00f3n jur\u00eddica, por lo que en este foro se re\u00fanen voces internacionales para debatir y escuchar retos y perspectivas de la justicia contempor\u00e1nea, ya que en un mundo globalizado la justicia no reconoce fronteras, al tiempo que invit\u00f3 a los asistentes a trabajar en unidad para construir una mejor sociedad.<\/p>\n\n\n\n<p>Por su parte, el presidente de la Federaci\u00f3n Iberoamericana de Abogados, Francisco Morales Olvera, celebr\u00f3 la realizaci\u00f3n de este evento y felicit\u00f3 al director de la Facultad de Jurisprudencia, Alfonso Y\u00e1\u00f1ez Arreola, por impulsar este tipo de actividades para las y los estudiantes del plantel.<\/p>\n\n\n\n<p>Mientras que, la magistrada del Tribunal Superior de Justicia del Estado de Coahuila, Griselda Elizalde Castellanos, dijo que es importante generar espacios como este que sirvan para reflexionar y compartir opiniones sobre la reforma judicial, por lo que felicit\u00f3 al rector Octavio Pimentel y a la Facultad de Jurisprudencia por construir un di\u00e1logo, capacitaci\u00f3n y reflexi\u00f3n.<\/p>\n\n\n\n<p>El director de la Facultad de Jurisprudencia, Alfonso Y\u00e1\u00f1ez Arreola, coment\u00f3 que el plantel es una instituci\u00f3n sin fronteras, ya que el conocimiento no reconoce l\u00edmites geogr\u00e1ficos, por lo que con este evento abre sus puertas al mundo para que expertos de diferentes pa\u00edses compartan sus experiencias y as\u00ed impulsar la globalizaci\u00f3n del pensamiento.<\/p>\n\n\n\n<p>Por otro lado, la l\u00edder del Cuerpo Acad\u00e9mico de la Facultad de Jurisprudencia, Mar\u00eda del Carmen Galv\u00e1n Tello, se\u00f1al\u00f3 que con este evento se aborda un tema de vital importancia como lo es la reforma judicial, llevando a cabo un an\u00e1lisis riguroso a trav\u00e9s de mesas de trabajo y con conferencias impartidas por figuras de talla internacional, para reflexionar sobre la situaci\u00f3n que se vive en M\u00e9xico a partir de dicha reforma.<\/p>\n\n\n\n<p>Las conferencias magistrales estuvieron a cargo de: Dr. D. Jos\u00e9 Asensi Sabater, ex senador de las Cortes Generales del Reino de Espa\u00f1a y Catedr\u00e1tico Em\u00e9rito de Derecho Constitucional, Universidad de Alicante con \u201cLa jurisdicci\u00f3n en la democracia constitucional\u201d.<\/p>\n\n\n\n<p>Por el Dr. D. Patricio Pazmi\u00f1o Freire ex presidente de la Corte Suprema de Justicia de la Rep\u00fablica de Ecuador, ex vicepresidente de la Corte Interamericana de Derechos Humanos, vicepresidente de la FIA Federaci\u00f3n Iberoamericana de Abogados en Vinculaci\u00f3n con las Cortes de Derechos Humanos.<\/p>\n\n\n\n<p>Dr. D. Jos\u00e9 \u00c1ngel Camis\u00f3n Yag\u00fce, Catedr\u00e1tico de Derecho Constitucional y director de la Escuela de Relaciones Laborales de la Universidad de Alicante; el Taller de Litigaci\u00f3n Oral por la Mtra. Gricelda Elizalde Castellanos, Magistrada, presidenta de la Sala Penal del TSJECZ.<\/p>\n\n\n\n<p>Para el mi\u00e9rcoles 22 de octubre se presenta el Dr. D. Santiago Carretero S\u00e1nchez, Profesor Titular de Filosof\u00eda del Derecho de la Universidad Rey Juan Carlos, Madrid, Espa\u00f1a, ex Letrado de la Sala de lo Contencioso-Administrativo del Tribunal Supremo, Acad\u00e9mico Correspondiente de la Real Academia de Jurisprudencia y Legislaci\u00f3n \u201cHumanismo tecnol\u00f3gico y justicia predictiva: intentos y problemas del futuro\u201d.<\/p>\n\n\n\n<p>Mtro. D. Sebasti\u00e1n Giraldo Henao Abogado de la instituci\u00f3n Universitaria de Envigado, Colombia, Maestro en Ciencias Jur\u00eddicas de la Universidad Aut\u00f3noma de Baja California, M\u00e9xico. \u201cDe donde emana la legitimidad del Poder Judicial. An\u00e1lisis de la reforma al Poder Judicial desde la teor\u00eda constitucional\u201d; y el Dr. D. Roberto De Figueiredo Caldas ex &#8211; presidente de la Corte Interamericana de Derechos Humanos,<\/p>\n","protected":false},"excerpt":{"rendered":"<p>SALTILLO, Coahuila. 21 de octubre de 2025. La Universidad Aut\u00f3noma de Coahuila a trav\u00e9s de la Facultad de Jurisprudencia, inaugur\u00f3 el Congreso Internacional: Retos y Perspectivas de la Justicia en M\u00e9xico a partir de la Reforma, en el cual se abordan los desaf\u00edos y el futuro del sistema de justicia en M\u00e9xico a ra\u00edz de [&hellip;]<\/p>\n","protected":false},"author":1,"featured_media":26338,"comment_status":"open","ping_status":"open","sticky":false,"template":"","format":"standard","meta":{"_monsterinsights_skip_tracking":false,"_monsterinsights_sitenote_active":false,"_monsterinsights_sitenote_note":"","_monsterinsights_sitenote_category":0,"footnotes":""},"categories":[1],"tags":[],"_links":{"self":[{"href":"https:\/\/zonalimitrofe-cbnr.com\/index.php\/wp-json\/wp\/v2\/posts\/26337"}],"collection":[{"href":"https:\/\/zonalimitrofe-cbnr.com\/index.php\/wp-json\/wp\/v2\/posts"}],"about":[{"href":"https:\/\/zonalimitrofe-cbnr.com\/index.php\/wp-json\/wp\/v2\/types\/post"}],"author":[{"embeddable":true,"href":"https:\/\/zonalimitrofe-cbnr.com\/index.php\/wp-json\/wp\/v2\/users\/1"}],"replies":[{"embeddable":true,"href":"https:\/\/zonalimitrofe-cbnr.com\/index.php\/wp-json\/wp\/v2\/comments?post=26337"}],"version-history":[{"count":1,"href":"https:\/\/zonalimitrofe-cbnr.com\/index.php\/wp-json\/wp\/v2\/posts\/26337\/revisions"}],"predecessor-version":[{"id":26339,"href":"https:\/\/zonalimitrofe-cbnr.com\/index.php\/wp-json\/wp\/v2\/posts\/26337\/revisions\/26339"}],"wp:featuredmedia":[{"embeddable":true,"href":"https:\/\/zonalimitrofe-cbnr.com\/index.php\/wp-json\/wp\/v2\/media\/26338"}],"wp:attachment":[{"href":"https:\/\/zonalimitrofe-cbnr.com\/index.php\/wp-json\/wp\/v2\/media?parent=26337"}],"wp:term":[{"taxonomy":"category","embeddable":true,"href":"https:\/\/zonalimitrofe-cbnr.com\/index.php\/wp-json\/wp\/v2\/categories?post=26337"},{"taxonomy":"post_tag","embeddable":true,"href":"https:\/\/zonalimitrofe-cbnr.com\/index.php\/wp-json\/wp\/v2\/tags?post=26337"}],"curies":[{"name":"wp","href":"https:\/\/api.w.org\/{rel}","templated":true}]}}